{"id":47934,"date":"2024-02-27T12:19:11","date_gmt":"2024-02-27T11:19:11","guid":{"rendered":"https:\/\/www.gartenhaus.com\/magazin\/?p=47934"},"modified":"2025-05-27T10:12:24","modified_gmt":"2025-05-27T08:12:24","slug":"gartenhaus-award-fotowettbewerb-2023-wir-stellen-die-schoenen-gewinner-projekte-vor","status":"publish","type":"post","link":"https:\/\/www.gartenhaus.ch\/magazin\/gartenhaus-award-fotowettbewerb-2023-wir-stellen-die-schoenen-gewinner-projekte-vor\/","title":{"rendered":"GartenHaus Award Fotowettbewerb 2023: Wir stellen die sch\u00f6nen Gewinner-Projekte vor!"},"content":{"rendered":"<div class=\"flex flex-grow flex-col max-w-full\">\n<div class=\"min-h-[20px] text-message flex flex-col items-start gap-3 whitespace-pre-wrap break-words [.text-message+&amp;]:mt-5 overflow-x-auto\" data-message-author-role=\"assistant\" data-message-id=\"cac5fb3c-87a2-4a47-b7c3-595ac055c45a\">\n<div class=\"markdown prose w-full break-words dark:prose-invert dark\">\n<p>Im vergangenen Jahr haben wir &#8211; zum wiederholten Male &#8211; die sch\u00f6nsten und einzigartigen Projekte f\u00fcr unseren GartenHaus Award 2023 ausgew\u00e4hlt. Nun freuen wir uns darauf, Ihnen die Gewinner des Fotowettbewerbs im Detail vorstellen zu k\u00f6nnen, und m\u00f6chten uns gleichzeitig bei allen Teilnehmern\/Innen f\u00fcr die zahlreichen Einsendungen bedanken! Erfahren Sie jetzt wer gewonnen hat und lassen Sie sich direkt f\u00fcr Ihr eigenes Gartenprojekt 2024 inspirieren!<br \/>\n<!--more--><\/p>\n<\/div>\n<\/div>\n<\/div>\n<h2>Die Gewinner unseres Gartenhaus Awards 2023<\/h2>\n<p>Vorhang auf: Wir stellen die Gewinner unseres GH Awards 2023 vor!<\/p>\n<p><img decoding=\"async\" class=\"alignnone size-full wp-image-48013\" src=\"https:\/\/www.gartenhaus.com\/magazin\/wp-content\/uploads\/2024\/02\/gewinner-gh-award-2023.jpg\" alt=\"GH Award 2023 Gewinner\" width=\"824\" height=\"691\" srcset=\"https:\/\/www.gartenhaus.ch\/magazin\/wp-content\/uploads\/2024\/02\/gewinner-gh-award-2023.jpg 824w, https:\/\/www.gartenhaus.ch\/magazin\/wp-content\/uploads\/2024\/02\/gewinner-gh-award-2023-300x252.jpg 300w, https:\/\/www.gartenhaus.ch\/magazin\/wp-content\/uploads\/2024\/02\/gewinner-gh-award-2023-768x644.jpg 768w\" sizes=\"(max-width: 824px) 100vw, 824px\" \/><\/p>\n<h3>3. Platz: Unsere <span data-sheets-root=\"1\" data-sheets-value=\"{&quot;1&quot;:2,&quot;2&quot;:&quot;FinnTherm Fass-Sauna Mini 160 &quot;}\" data-sheets-userformat=\"{&quot;2&quot;:12803,&quot;3&quot;:{&quot;1&quot;:0},&quot;4&quot;:{&quot;1&quot;:2,&quot;2&quot;:13624051},&quot;12&quot;:0,&quot;15&quot;:&quot;Arial&quot;,&quot;16&quot;:9}\">FinnTherm Fass-Sauna Mini 160 in Weinheim<\/span><\/h3>\n<p>Den 3. Platz hat unsere Jury an dieses besondere Sauna-Projekt vergeben. Denn auch mit wenig Platz m\u00fcssen Sie nicht auf Wellness im eigenen Zuhause verzichten. Das bezeugt unser Kunde und seine Familie, die die Fass-Sauna Mini 160 mit Thermoholz auf ihrer Dachterrasse aufgebaut haben.<\/p>\n<blockquote><p>&#171;Der Aufbau war zu zweit innerhalb von ein paar Tagen erledigt. Ein Gro\u00dfteil der Arbeit war alleinig der Transport der Teile in den 2. Stock.&#187;<\/p><\/blockquote>\n<p><img decoding=\"async\" class=\"alignnone size-full wp-image-47965\" src=\"https:\/\/www.gartenhaus.com\/magazin\/wp-content\/uploads\/2024\/02\/finntherm-fass-sauna-mini-160-gh-award-2023_2.jpg\" alt=\"FinnTherm Fass-Sauna Mini 160 GH Award 2023\" width=\"824\" height=\"550\" srcset=\"https:\/\/www.gartenhaus.ch\/magazin\/wp-content\/uploads\/2024\/02\/finntherm-fass-sauna-mini-160-gh-award-2023_2.jpg 824w, https:\/\/www.gartenhaus.ch\/magazin\/wp-content\/uploads\/2024\/02\/finntherm-fass-sauna-mini-160-gh-award-2023_2-300x200.jpg 300w, https:\/\/www.gartenhaus.ch\/magazin\/wp-content\/uploads\/2024\/02\/finntherm-fass-sauna-mini-160-gh-award-2023_2-768x513.jpg 768w\" sizes=\"(max-width: 824px) 100vw, 824px\" \/><\/p>\n<p>Das Ziel der Familie ist, das Eigenheim kontinuierlich immer weiter zu versch\u00f6nern.<\/p>\n<p>Daf\u00fcr wurde neben der Mini-Sauna auch ein kleiner Sitzbereich errichtet, der an sonnigen Tagen zu einer kleinen Pause oder nach getaner Arbeit zu einem leckeren Sundowner einl\u00e4dt.<\/p>\n<p><img decoding=\"async\" class=\"alignnone size-full wp-image-47962\" src=\"https:\/\/www.gartenhaus.com\/magazin\/wp-content\/uploads\/2024\/02\/finntherm-fass-sauna-mini-160-gh-award-2023.jpg\" alt=\"FinnTherm Fass-Sauna Mini 160 GH Award 2023\" width=\"824\" height=\"549\" srcset=\"https:\/\/www.gartenhaus.ch\/magazin\/wp-content\/uploads\/2024\/02\/finntherm-fass-sauna-mini-160-gh-award-2023.jpg 824w, https:\/\/www.gartenhaus.ch\/magazin\/wp-content\/uploads\/2024\/02\/finntherm-fass-sauna-mini-160-gh-award-2023-300x200.jpg 300w, https:\/\/www.gartenhaus.ch\/magazin\/wp-content\/uploads\/2024\/02\/finntherm-fass-sauna-mini-160-gh-award-2023-768x512.jpg 768w\" sizes=\"(max-width: 824px) 100vw, 824px\" \/><\/p>\n<p>In die Sauna hat unser Kunde einen Saunaofen mit 8 kw eingebaut und die Installation einer indirekten LED-Beleuchtung sorgt f\u00fcr angenehmes Ambiente w\u00e4hrend des Saunaganges. Mehr braucht die Familie nach eigener Aussage nicht f\u00fcr ihr Saunaerlebnis.<\/p>\n<p>Sie suchen selbst noch nach <a href=\"\/sauna-zubehoer\">Sauna Zubeh\u00f6r<\/a>? St\u00f6bern Sie gern daf\u00fcr in unserer Sauna-Kategorie.<\/p>\n<p><img decoding=\"async\" class=\"alignnone size-full wp-image-47968\" src=\"https:\/\/www.gartenhaus.com\/magazin\/wp-content\/uploads\/2024\/02\/finntherm-fass-sauna-mini-160-gh-award-2023_3.jpg\" alt=\"FinnTherm Fass-Sauna Mini 160 GH Award 2023\" width=\"824\" height=\"549\" srcset=\"https:\/\/www.gartenhaus.ch\/magazin\/wp-content\/uploads\/2024\/02\/finntherm-fass-sauna-mini-160-gh-award-2023_3.jpg 824w, https:\/\/www.gartenhaus.ch\/magazin\/wp-content\/uploads\/2024\/02\/finntherm-fass-sauna-mini-160-gh-award-2023_3-300x200.jpg 300w, https:\/\/www.gartenhaus.ch\/magazin\/wp-content\/uploads\/2024\/02\/finntherm-fass-sauna-mini-160-gh-award-2023_3-768x512.jpg 768w\" sizes=\"(max-width: 824px) 100vw, 824px\" \/><\/p>\n<p>Seitdem der Au\u00dfenbereich seine finale Dekoration erhalten hat, genie\u00dft die Familie ihre Abende bei einem gem\u00fctlichen Saunagang und entspannt anschlie\u00dfend mit Blick auf den umliegenden Odenwald.<\/p>\n<blockquote><p>&#171;<span data-sheets-formula-bar-text-style=\"font-size:12px;color:#000000;font-weight:normal;text-decoration:none;font-family:'Arial';font-style:normal;text-decoration-skip-ink:none;\">Wir sind rundum zufrieden. Schnelle Lieferung wie besprochen. Unkomplizierte Terminvereinbarung. Ein defekter Hygrometer wurde ohne Beanstandung komplikationslos ausgetauscht. Jederzeit wieder. Bis zum n\u00e4chsten Projekt.<\/span>&#171;<\/p><\/blockquote>\n<p><img decoding=\"async\" class=\"alignnone size-full wp-image-47971\" src=\"https:\/\/www.gartenhaus.com\/magazin\/wp-content\/uploads\/2024\/02\/finntherm-fass-sauna-mini-160-gh-award-2023_4.jpg\" alt=\"FinnTherm Fass-Sauna Mini 160 GH Award 2023\" width=\"824\" height=\"550\" srcset=\"https:\/\/www.gartenhaus.ch\/magazin\/wp-content\/uploads\/2024\/02\/finntherm-fass-sauna-mini-160-gh-award-2023_4.jpg 824w, https:\/\/www.gartenhaus.ch\/magazin\/wp-content\/uploads\/2024\/02\/finntherm-fass-sauna-mini-160-gh-award-2023_4-300x200.jpg 300w, https:\/\/www.gartenhaus.ch\/magazin\/wp-content\/uploads\/2024\/02\/finntherm-fass-sauna-mini-160-gh-award-2023_4-768x513.jpg 768w\" sizes=\"(max-width: 824px) 100vw, 824px\" \/><\/p>\n<p>Die Fasssauna Mini 160 haben wir derzeit nicht im Angebot. Als Alternative bieten wir diese <a href=\"\/finntherm-fasssauna-mini-xxs.html\">Fasssauna Mini XXS<\/a> an.<\/p>\n<h3>2. Platz: Unser Alpholz Gartenhaus Kim-Avant in Bodolz<\/h3>\n<p>Das Gartenhaus Projekt unserer Kundin mit dem Namen &#171;Long Island Guesthouse&#187; hat unsere Jury \u00fcberzeugt und so den 2. Platz im GH Award ergattern k\u00f6nnen.<\/p>\n<p><img decoding=\"async\" class=\"alignnone size-full wp-image-47953\" src=\"https:\/\/www.gartenhaus.com\/magazin\/wp-content\/uploads\/2024\/02\/gartenhaus-kim-avant-gh-award-2023_2.jpg\" alt=\"Gartenhaus Kim Avant \" width=\"824\" height=\"595\" srcset=\"https:\/\/www.gartenhaus.ch\/magazin\/wp-content\/uploads\/2024\/02\/gartenhaus-kim-avant-gh-award-2023_2.jpg 824w, https:\/\/www.gartenhaus.ch\/magazin\/wp-content\/uploads\/2024\/02\/gartenhaus-kim-avant-gh-award-2023_2-300x217.jpg 300w, https:\/\/www.gartenhaus.ch\/magazin\/wp-content\/uploads\/2024\/02\/gartenhaus-kim-avant-gh-award-2023_2-768x555.jpg 768w\" sizes=\"(max-width: 824px) 100vw, 824px\" \/><\/p>\n<p>Das <a href=\"\/gartenhaus-kim-avant-40.html\">Gartenhaus Kim-Avant<\/a> mit seiner breiten Doppelt\u00fcr und den (fast) bodentiefen Fenstern l\u00e4sst viel Tageslicht ins fast 12m\u00b2 gro\u00dfe Innere und setzt die Einrichtung, die im Neu England Beach Stil gestaltet ist, wunderbar in Szene.<\/p>\n<p>Bei sch\u00f6nem Wetter kann unsere Kundin auf der \u00fcberdachten kleine Terrasse sitzen und eine Wandst\u00e4rke von 40mm und 4 Ausstellfenster erm\u00f6glichen die Nutzung fast das ganze Jahr \u00fcber.<\/p>\n<p><img decoding=\"async\" class=\"alignnone size-full wp-image-47950\" src=\"https:\/\/www.gartenhaus.com\/magazin\/wp-content\/uploads\/2024\/02\/gartenhaus-kim-avant-gh-award-2023.jpg\" alt=\"Gartenhaus Kim Avant \" width=\"824\" height=\"618\" srcset=\"https:\/\/www.gartenhaus.ch\/magazin\/wp-content\/uploads\/2024\/02\/gartenhaus-kim-avant-gh-award-2023.jpg 824w, https:\/\/www.gartenhaus.ch\/magazin\/wp-content\/uploads\/2024\/02\/gartenhaus-kim-avant-gh-award-2023-300x225.jpg 300w, https:\/\/www.gartenhaus.ch\/magazin\/wp-content\/uploads\/2024\/02\/gartenhaus-kim-avant-gh-award-2023-768x576.jpg 768w\" sizes=\"(max-width: 824px) 100vw, 824px\" \/><\/p>\n<blockquote><p>&#171;Der Aufbau war erstaunlich einfach. Das zeigt die Top Qualit\u00e4t des Hauses. Der Aufbau an sich ging recht schnell. F\u00fcr das gesamte Projekt haben wir uns jedoch den Sommer Zeit genommen.&#187;<\/p><\/blockquote>\n<p>Die investierte Zeit hat sich definitiv gelohnt und die Lage an einem kleinen Teich bietet zudem die perfekte Kulisse f\u00fcr unser Kim-Avant, das unsere Kundin zuk\u00fcnftig als kleines G\u00e4stehaus nutzen will.<\/p>\n<p><img decoding=\"async\" class=\"alignnone size-full wp-image-47956\" src=\"https:\/\/www.gartenhaus.com\/magazin\/wp-content\/uploads\/2024\/02\/gartenhaus-kim-avant-gh-award-2023_3.jpg\" alt=\"Gartenhaus Kim Avant \" width=\"824\" height=\"618\" srcset=\"https:\/\/www.gartenhaus.ch\/magazin\/wp-content\/uploads\/2024\/02\/gartenhaus-kim-avant-gh-award-2023_3.jpg 824w, https:\/\/www.gartenhaus.ch\/magazin\/wp-content\/uploads\/2024\/02\/gartenhaus-kim-avant-gh-award-2023_3-300x225.jpg 300w, https:\/\/www.gartenhaus.ch\/magazin\/wp-content\/uploads\/2024\/02\/gartenhaus-kim-avant-gh-award-2023_3-768x576.jpg 768w\" sizes=\"(max-width: 824px) 100vw, 824px\" \/><\/p>\n<p>Dabei sind Design und Au\u00dfenfarbe des Gartenhauses an das eigentliche Haupthaus im amerikanischen Look angelehnt.<\/p>\n<p>Wir finden: Eine super Erg\u00e4nzung!<\/p>\n<p><img decoding=\"async\" class=\"alignnone size-full wp-image-47959\" src=\"https:\/\/www.gartenhaus.com\/magazin\/wp-content\/uploads\/2024\/02\/gartenhaus-kim-avant-gh-award-2023_4.jpg\" alt=\"Gartenhaus Kim Avant \" width=\"824\" height=\"618\" srcset=\"https:\/\/www.gartenhaus.ch\/magazin\/wp-content\/uploads\/2024\/02\/gartenhaus-kim-avant-gh-award-2023_4.jpg 824w, https:\/\/www.gartenhaus.ch\/magazin\/wp-content\/uploads\/2024\/02\/gartenhaus-kim-avant-gh-award-2023_4-300x225.jpg 300w, https:\/\/www.gartenhaus.ch\/magazin\/wp-content\/uploads\/2024\/02\/gartenhaus-kim-avant-gh-award-2023_4-768x576.jpg 768w\" sizes=\"(max-width: 824px) 100vw, 824px\" \/><\/p>\n<h3>1. Platz: Unser Alpholz Gartenhaus Carl in Harsewinkel<\/h3>\n<p>Den 1. Platz belegt in diesem Jahr das wundersch\u00f6ne <a href=\"\/gartenhaus-modell-carl-28.html\">Gartenhaus Carl-28<\/a>.<\/p>\n<p>Der Besitzer hat sich aufgrund der Farbe und der 5-Eck-Form f\u00fcr unser Modell entschieden, welches er noch eigens an seine eigenen (Koch-)Bed\u00fcrfnisse angepasst und u.a. mit einer Gartenk\u00fcche ausgestattet hat. Das Projekt strotzt nur so vor liebevollen Details und Besonderheiten, die wir anhand der n\u00e4chsten Bilder zeigen werden.<\/p>\n<p><img decoding=\"async\" class=\"alignnone size-full wp-image-47935\" src=\"https:\/\/www.gartenhaus.com\/magazin\/wp-content\/uploads\/2024\/02\/1.jpg\" alt=\"Gartenhaus Carl GH Award 2023\" width=\"824\" height=\"618\" srcset=\"https:\/\/www.gartenhaus.ch\/magazin\/wp-content\/uploads\/2024\/02\/1.jpg 824w, https:\/\/www.gartenhaus.ch\/magazin\/wp-content\/uploads\/2024\/02\/1-300x225.jpg 300w, https:\/\/www.gartenhaus.ch\/magazin\/wp-content\/uploads\/2024\/02\/1-768x576.jpg 768w\" sizes=\"(max-width: 824px) 100vw, 824px\" \/><\/p>\n<p>Das Highlight dieser Gartenk\u00fcche ist ganz klar der Grill, der ganzj\u00e4hrig genutzt wird.<\/p>\n<blockquote><p>&#171;Am Grill habe ich auch eine Theke angebaut, an der man gem\u00fctlich von den Barhockern in den Garten schauen kann und ebenfalls unter der Theke baue ich verschiedene Kr\u00e4uter an.&#187;<\/p><\/blockquote>\n<p>Das Gas f\u00fcr seinen Grill bewahrt unser Kunde hinter der L\u00e4ngswand des Gartenh\u00e4uschens auf, genauso wie<\/p>\n<ul>\n<li>sein Balkonkraftwerk,<\/li>\n<li>sein Hochbeet und<\/li>\n<li>seine Regenwassertonne.<\/li>\n<\/ul>\n<p><img decoding=\"async\" class=\"alignnone size-full wp-image-47941\" src=\"https:\/\/www.gartenhaus.com\/magazin\/wp-content\/uploads\/2024\/02\/3.jpg\" alt=\"Gartenhaus Carl GH Award 2023\" width=\"824\" height=\"618\" srcset=\"https:\/\/www.gartenhaus.ch\/magazin\/wp-content\/uploads\/2024\/02\/3.jpg 824w, https:\/\/www.gartenhaus.ch\/magazin\/wp-content\/uploads\/2024\/02\/3-300x225.jpg 300w, https:\/\/www.gartenhaus.ch\/magazin\/wp-content\/uploads\/2024\/02\/3-768x576.jpg 768w\" sizes=\"(max-width: 824px) 100vw, 824px\" \/><\/p>\n<p>Neben dem offenen Unterstand gibt es beim Carl-28 auch noch einen geschlossenen Raum, den der Besitzt folgenderma\u00dfen nutzt:<\/p>\n<blockquote><p>&#171;Das Sch\u00f6ne ist, dass man in den Vorraum ein Buffet aufbauen kann und vom Grill sich direkt bedienen kann. Man kann auch in Vorraum gem\u00fctlich sitzen und essen. Ich habe es gem\u00fctlich mit alten Sachen eingerichtet und mit Licht ausgestattet.&#187;<\/p><\/blockquote>\n<p><img decoding=\"async\" class=\"alignnone size-full wp-image-47944\" src=\"https:\/\/www.gartenhaus.com\/magazin\/wp-content\/uploads\/2024\/02\/4.jpg\" alt=\"Gartenhaus Carl GH Award 2023\" width=\"824\" height=\"618\" srcset=\"https:\/\/www.gartenhaus.ch\/magazin\/wp-content\/uploads\/2024\/02\/4.jpg 824w, https:\/\/www.gartenhaus.ch\/magazin\/wp-content\/uploads\/2024\/02\/4-300x225.jpg 300w, https:\/\/www.gartenhaus.ch\/magazin\/wp-content\/uploads\/2024\/02\/4-768x576.jpg 768w\" sizes=\"(max-width: 824px) 100vw, 824px\" \/><\/p>\n<p>Etwas, das in der Aufbauanleitung so nicht vorgesehen ist? Der Einbau einer Schiebet\u00fcr, wie der Besitzer diese noch selbst geplant und eingebaut hat. Durch die wei\u00dfe Farbe, wie sie auch alle anderen Fenster haben, passt sie sich optisch super ein und l\u00e4sst das H\u00e4uschen gleichzeitig super einladend und gem\u00fctlich wirken.<\/p>\n<p>So k\u00f6nnen er und seine Frau nun immer direkt von der \u00fcberdachten Terrasse ins Gartenhaus gelangen &#8211; egal, bei welchem Wetter.<\/p>\n<p><img decoding=\"async\" class=\"alignnone size-full wp-image-47938\" src=\"https:\/\/www.gartenhaus.com\/magazin\/wp-content\/uploads\/2024\/02\/2.jpg\" alt=\"Gartenhaus Carl GH Award 2023\" width=\"824\" height=\"618\" srcset=\"https:\/\/www.gartenhaus.ch\/magazin\/wp-content\/uploads\/2024\/02\/2.jpg 824w, https:\/\/www.gartenhaus.ch\/magazin\/wp-content\/uploads\/2024\/02\/2-300x225.jpg 300w, https:\/\/www.gartenhaus.ch\/magazin\/wp-content\/uploads\/2024\/02\/2-768x576.jpg 768w\" sizes=\"(max-width: 824px) 100vw, 824px\" \/><\/p>\n<p>Durch optisch gezielt eingesetzte Lichter erstrahlt das Gartenh\u00e4uschen auch am Abend im stimmungsvollen Licht und erm\u00f6glicht an lauen Sommern\u00e4chten das Dinieren unter offenen Himmel.<\/p>\n<p>Dies sind nur einige der Punkte, warum das Gartenhaus Carl und sein Besitzer in diesem Jahr den 1. Platz f\u00fcr sich entscheiden konnten.<\/p>\n<p><img decoding=\"async\" class=\"alignnone size-full wp-image-47947\" src=\"https:\/\/www.gartenhaus.com\/magazin\/wp-content\/uploads\/2024\/02\/10.jpg\" alt=\"Gartenhaus Carl GH Award 2023\" width=\"824\" height=\"618\" srcset=\"https:\/\/www.gartenhaus.ch\/magazin\/wp-content\/uploads\/2024\/02\/10.jpg 824w, https:\/\/www.gartenhaus.ch\/magazin\/wp-content\/uploads\/2024\/02\/10-300x225.jpg 300w, https:\/\/www.gartenhaus.ch\/magazin\/wp-content\/uploads\/2024\/02\/10-768x576.jpg 768w\" sizes=\"(max-width: 824px) 100vw, 824px\" \/><\/p>\n<h2>Die Sonderpreise unseres GartenHaus Awards 2022<\/h2>\n<p>Neben den obersten drei Pl\u00e4tzen haben wir auch erneut drei weitere Sonderpreise in den Kategorien<\/p>\n<ul>\n<li>\u201eDesign\u201c,<\/li>\n<li>\u201eKreativit\u00e4t\u201c und<\/li>\n<li>\u201eKundenliebling\u201c vergeben.<\/li>\n<\/ul>\n<h3>Sonderpreis \u201eDesignpreis\u201c: Unsere <span data-sheets-root=\"1\" data-sheets-value=\"{&quot;1&quot;:2,&quot;2&quot;:&quot;FinnTherm Saunahaus Lizzy XS&quot;}\" data-sheets-userformat=\"{&quot;2&quot;:8963,&quot;3&quot;:{&quot;1&quot;:0},&quot;4&quot;:{&quot;1&quot;:2,&quot;2&quot;:13624051},&quot;11&quot;:4,&quot;12&quot;:0,&quot;16&quot;:9}\">FinnTherm Saunahaus Lizzy XS in Buchholz<\/span><\/h3>\n<p>Auf den ersten Blick wirkt das Saunahaus Lizzy XS zwar sehr einladend, aber doch nicht nach einem Projekt, das unseren Design-Preis verdient h\u00e4tte.<\/p>\n<p><img decoding=\"async\" class=\"alignnone size-full wp-image-48007\" src=\"https:\/\/www.gartenhaus.com\/magazin\/wp-content\/uploads\/2024\/02\/finntherm-saunahaus-lizzy-xs-gh-award-2023-2.jpg\" alt=\"FinnTherm Saunahaus Lizzy XS GH Award 2023\" width=\"824\" height=\"550\" srcset=\"https:\/\/www.gartenhaus.ch\/magazin\/wp-content\/uploads\/2024\/02\/finntherm-saunahaus-lizzy-xs-gh-award-2023-2.jpg 824w, https:\/\/www.gartenhaus.ch\/magazin\/wp-content\/uploads\/2024\/02\/finntherm-saunahaus-lizzy-xs-gh-award-2023-2-300x200.jpg 300w, https:\/\/www.gartenhaus.ch\/magazin\/wp-content\/uploads\/2024\/02\/finntherm-saunahaus-lizzy-xs-gh-award-2023-2-768x513.jpg 768w\" sizes=\"(max-width: 824px) 100vw, 824px\" \/><\/p>\n<p>Das \u00e4ndert sich aber schlagartig, wenn die R\u00fcckansicht dieser Sauna ins Blickfeld kommt. Denn dabei wird deutlich, dass unser Kunde eine H\u00f6he von rund 2 Metern mittels Stelzen ausgleichen musste, um dieses Sauna-Projekt \u00fcberhaupt realisieren zu k\u00f6nnen:<\/p>\n<blockquote><p>&#171;Nach insgesamt 4 Wochen hatte ich die Unterkonstruktion und die Sauna fertig aufgebaut. Danach kam die Elektrik, Deko und das Streichen. Wir haben uns unseren kleinen Traum von der Sauna im Garten erf\u00fcllt und genie\u00dfen, jeden Saunabesuch.&#187;<\/p><\/blockquote>\n<p><img decoding=\"async\" class=\"alignnone size-full wp-image-48001\" src=\"https:\/\/www.gartenhaus.com\/magazin\/wp-content\/uploads\/2024\/02\/finntherm-saunahaus-lizzy-xs-gh-award-2023-3.jpg\" alt=\"FinnTherm Saunahaus Lizzy XS GH Award 2023\" width=\"824\" height=\"550\" srcset=\"https:\/\/www.gartenhaus.ch\/magazin\/wp-content\/uploads\/2024\/02\/finntherm-saunahaus-lizzy-xs-gh-award-2023-3.jpg 824w, https:\/\/www.gartenhaus.ch\/magazin\/wp-content\/uploads\/2024\/02\/finntherm-saunahaus-lizzy-xs-gh-award-2023-3-300x200.jpg 300w, https:\/\/www.gartenhaus.ch\/magazin\/wp-content\/uploads\/2024\/02\/finntherm-saunahaus-lizzy-xs-gh-award-2023-3-768x513.jpg 768w\" sizes=\"(max-width: 824px) 100vw, 824px\" \/><\/p>\n<p><strong>Unser Tipp:<\/strong> F\u00fcr w\u00e4hrend des Saunaganges hat unser Kunde \u00fcbrigens extra Sichtschutz vor den Fenstern angebracht &#8211; klasse, um neugierige Blicke der Nachbarn abzuwenden.<\/p>\n<p>Ansonsten wird die kleine Terrasse vor dem Eingang abends auch genutzt, um Wein zu trinken und leckere Appetizer zu essen.<\/p>\n<p><img decoding=\"async\" class=\"alignnone size-full wp-image-48004\" src=\"https:\/\/www.gartenhaus.com\/magazin\/wp-content\/uploads\/2024\/02\/finntherm-saunahaus-lizzy-xs-gh-award-2023.jpg\" alt=\"FinnTherm Saunahaus Lizzy XS GH Award 2023\" width=\"822\" height=\"549\" srcset=\"https:\/\/www.gartenhaus.ch\/magazin\/wp-content\/uploads\/2024\/02\/finntherm-saunahaus-lizzy-xs-gh-award-2023.jpg 822w, https:\/\/www.gartenhaus.ch\/magazin\/wp-content\/uploads\/2024\/02\/finntherm-saunahaus-lizzy-xs-gh-award-2023-300x200.jpg 300w, https:\/\/www.gartenhaus.ch\/magazin\/wp-content\/uploads\/2024\/02\/finntherm-saunahaus-lizzy-xs-gh-award-2023-768x513.jpg 768w\" sizes=\"(max-width: 822px) 100vw, 822px\" \/><\/p>\n<h3>Sonderpreis \u201eKreativpreis\u201c: Unser Alpholz <span data-sheets-root=\"1\" data-sheets-value=\"{&quot;1&quot;:2,&quot;2&quot;:&quot;Gartenhaus Freiburg-44 ISO\\nKaribu Sauna Daria Sparset&quot;}\" data-sheets-userformat=\"{&quot;2&quot;:8961,&quot;3&quot;:{&quot;1&quot;:0},&quot;11&quot;:4,&quot;12&quot;:0,&quot;16&quot;:9}\">Gartenhaus Freiburg mit Karibu Sauna Daria in Werneuchen<\/span><\/h3>\n<p>Das Besondere am &#171;Kreativpreis&#187; kann unser Kunde am besten selbst erz\u00e4hlen:<\/p>\n<blockquote><p>&#171;Wir haben das Gartenhaus Freiburg 44 bestellt und komplett selbst aufgebaut. Es dient als Vollendung unseres Traums, einer kleinen Wellness Oase, um auch zu Hause dem stressigen Alltag zu entfliehen und komplett abschalten zu k\u00f6nnen. Im Haus selbst haben wir noch die Karibu Sauna Daria eingebaut, ebenfalls komplett in Eigenleistung.&#187;<\/p><\/blockquote>\n<p>Richtig gelesen, in diesem Projekt wurde eine <a href=\"\/ratgeber\/sauna\/sauna-in-gartenhaus-einbauen\">Sauna in ein Gartenhaus<\/a> eingebaut.<\/p>\n<p><img decoding=\"async\" class=\"alignnone size-full wp-image-47980\" src=\"https:\/\/www.gartenhaus.com\/magazin\/wp-content\/uploads\/2024\/02\/gartenhaus-freiburg-44-iso-mit-sauna-daria-gh-award-2023_3.jpg\" alt=\"Gartenhaus Freiburg 44 ISO mit Sauna Daria GH Award 2023\" width=\"824\" height=\"550\" srcset=\"https:\/\/www.gartenhaus.ch\/magazin\/wp-content\/uploads\/2024\/02\/gartenhaus-freiburg-44-iso-mit-sauna-daria-gh-award-2023_3.jpg 824w, https:\/\/www.gartenhaus.ch\/magazin\/wp-content\/uploads\/2024\/02\/gartenhaus-freiburg-44-iso-mit-sauna-daria-gh-award-2023_3-300x200.jpg 300w, https:\/\/www.gartenhaus.ch\/magazin\/wp-content\/uploads\/2024\/02\/gartenhaus-freiburg-44-iso-mit-sauna-daria-gh-award-2023_3-768x513.jpg 768w\" sizes=\"(max-width: 824px) 100vw, 824px\" \/><\/p>\n<p>Damit entstand nicht nur eine Sauna, sondern auch gleichzeitig ein erholsamer Vorraum, der zum Entspannen nach dem Saunieren genutzt werden kann. Obendrein hat unser <a href=\"\/gartenhaus-freiburg-44-iso.html\">Gartenhaus Freiburg<\/a> eine \u00fcberdachte Terrasse, die von allen Familienmitgliedern genutzt wird, besonders gern aber vom 4-j\u00e4hrigen Sohn:<\/p>\n<blockquote><p>&#171;Er ruht sich dort sehr gerne vom vielen Toben auf der Couch aus und macht dort seinen Mittagsschlaf.&#187;<\/p><\/blockquote>\n<p>Bei der Farbgestaltung des Gartenhauses Freiburgs hat sich die Familie am Haupthaus orientiert, um einen einheitlichen Look zu kreieren. Im Inneren selbst wurde mehr auf Strandlook und Entspannung gesetzt, sodass die Familie das Gef\u00fchl hat einen kleinen Mini-Urlaub zu machen.<\/p>\n<p><img decoding=\"async\" class=\"alignnone size-full wp-image-47977\" src=\"https:\/\/www.gartenhaus.com\/magazin\/wp-content\/uploads\/2024\/02\/gartenhaus-freiburg-44-iso-mit-sauna-daria-gh-award-2023_2.jpg\" alt=\"Gartenhaus Freiburg 44 ISO mit Sauna Daria GH Award 2023\" width=\"824\" height=\"550\" srcset=\"https:\/\/www.gartenhaus.ch\/magazin\/wp-content\/uploads\/2024\/02\/gartenhaus-freiburg-44-iso-mit-sauna-daria-gh-award-2023_2.jpg 824w, https:\/\/www.gartenhaus.ch\/magazin\/wp-content\/uploads\/2024\/02\/gartenhaus-freiburg-44-iso-mit-sauna-daria-gh-award-2023_2-300x200.jpg 300w, https:\/\/www.gartenhaus.ch\/magazin\/wp-content\/uploads\/2024\/02\/gartenhaus-freiburg-44-iso-mit-sauna-daria-gh-award-2023_2-768x513.jpg 768w\" sizes=\"(max-width: 824px) 100vw, 824px\" \/><\/p>\n<blockquote><p>&#171;Der Aufbau und die komplette Fertigstellung hat eine Weile gedauert, weil wir es komplett in Eigenleistung zusammen mit meinen Eltern aufgebaut haben und neben dem Arbeits- und Familienleben immer nur begrenzt Zeit hatten. Aber nun sind wir super happy und vor allen Dingen Stolz auf das Ergebnis.&#187;<\/p><\/blockquote>\n<p>Das kann die Familie auch sein! So ein Kombi-Projekt in Eigenleistung ist eine stolze Leistung!<\/p>\n<p><img decoding=\"async\" class=\"alignnone size-full wp-image-47974\" src=\"https:\/\/www.gartenhaus.com\/magazin\/wp-content\/uploads\/2024\/02\/gartenhaus-freiburg-44-iso-mit-sauna-daria-gh-award-2023.jpg\" alt=\"Gartenhaus Freiburg 44 ISO mit Sauna Daria GH Award 2023\" width=\"824\" height=\"550\" srcset=\"https:\/\/www.gartenhaus.ch\/magazin\/wp-content\/uploads\/2024\/02\/gartenhaus-freiburg-44-iso-mit-sauna-daria-gh-award-2023.jpg 824w, https:\/\/www.gartenhaus.ch\/magazin\/wp-content\/uploads\/2024\/02\/gartenhaus-freiburg-44-iso-mit-sauna-daria-gh-award-2023-300x200.jpg 300w, https:\/\/www.gartenhaus.ch\/magazin\/wp-content\/uploads\/2024\/02\/gartenhaus-freiburg-44-iso-mit-sauna-daria-gh-award-2023-768x513.jpg 768w\" sizes=\"(max-width: 824px) 100vw, 824px\" \/><\/p>\n<blockquote><p>&#171;Abends erstrahlt alles mit Solarleuchten wodurch das Haus auch abends\/nachts zu unserem absoluten Lieblingsplatz z\u00e4hlt.&#187;<\/p><\/blockquote>\n<h3>Sonderpreis \u201eKundenliebling\u201c: Unser Alpholz <span data-sheets-root=\"1\" data-sheets-value=\"{&quot;1&quot;:2,&quot;2&quot;:&quot;Gartenhaus Flachdach Modell Quinta ISO&quot;}\" data-sheets-userformat=\"{&quot;2&quot;:8705,&quot;3&quot;:{&quot;1&quot;:0},&quot;12&quot;:0,&quot;16&quot;:9}\">Gartenhaus Flachdach Modell Quinta in Haren<\/span><\/h3>\n<p>Der diesj\u00e4hrige &#171;Kundenliebling&#187;, den unsere Social Media Fans bei einem einw\u00f6chigen Voting gew\u00e4hlt haben, ist das <a href=\"\/flachdach-gartenhaus-modell-quinta-iso.html\">Gartenhaus Flachdach Modell Quinta ISO<\/a>.<\/p>\n<p><img decoding=\"async\" class=\"alignnone size-full wp-image-47998\" src=\"https:\/\/www.gartenhaus.com\/magazin\/wp-content\/uploads\/2024\/02\/gartenhaus-flachdach-modell-quinta-iso-gh-award-2023.jpg\" alt=\"Gartenhaus Flachdach Modell Quinta ISO GH Award 2023\" width=\"824\" height=\"549\" srcset=\"https:\/\/www.gartenhaus.ch\/magazin\/wp-content\/uploads\/2024\/02\/gartenhaus-flachdach-modell-quinta-iso-gh-award-2023.jpg 824w, https:\/\/www.gartenhaus.ch\/magazin\/wp-content\/uploads\/2024\/02\/gartenhaus-flachdach-modell-quinta-iso-gh-award-2023-300x200.jpg 300w, https:\/\/www.gartenhaus.ch\/magazin\/wp-content\/uploads\/2024\/02\/gartenhaus-flachdach-modell-quinta-iso-gh-award-2023-768x512.jpg 768w\" sizes=\"(max-width: 824px) 100vw, 824px\" \/><\/p>\n<p>Eine Besonderheit bei diesem Haus mit Flachdach und 44mm Wandst\u00e4rke: Die farbliche Akzentuierung entlang der T\u00fcr-, Fensterrahmen und der Dachblende. Damit scheint die nat\u00fcrliche Maserung des Holzes weiterhin durch, doch zieht das Rot alle Blicke im Garten auf sich. Zudem sagt unser Kunde:<\/p>\n<blockquote><p>&#171;Bewacht wird das Gartenhaus von unserem &#171;Hausl\u00f6wen&#187; Rufus.&#187;<\/p><\/blockquote>\n<p><img decoding=\"async\" class=\"alignnone size-full wp-image-47992\" src=\"https:\/\/www.gartenhaus.com\/magazin\/wp-content\/uploads\/2024\/02\/gartenhaus-flachdach-modell-quinta-iso-gh-award-2023-2.jpg\" alt=\"Gartenhaus Flachdach Modell Quinta ISO GH Award 2023\" width=\"824\" height=\"549\" srcset=\"https:\/\/www.gartenhaus.ch\/magazin\/wp-content\/uploads\/2024\/02\/gartenhaus-flachdach-modell-quinta-iso-gh-award-2023-2.jpg 824w, https:\/\/www.gartenhaus.ch\/magazin\/wp-content\/uploads\/2024\/02\/gartenhaus-flachdach-modell-quinta-iso-gh-award-2023-2-300x200.jpg 300w, https:\/\/www.gartenhaus.ch\/magazin\/wp-content\/uploads\/2024\/02\/gartenhaus-flachdach-modell-quinta-iso-gh-award-2023-2-768x512.jpg 768w\" sizes=\"(max-width: 824px) 100vw, 824px\" \/><\/p>\n<p>Unser Kunde und seine Familie haben das Haus mit dem Namen &#171;Norberts Eck&#187; mit viel Liebe als R\u00fcckzugsort f\u00fcr ruhige Leseabende, aber auch als Treffpunkt zum Grillen und Feiern mit Familie, Freunden und Nachbarn eingerichtet.<\/p>\n<blockquote><p>&#171;Nicht nur wir, sondern s\u00e4mtliche Besucher sind begeistert von der Umsetzung.&#187;<\/p><\/blockquote>\n<p>Wir finden: Absolut verst\u00e4ndlich und was gibt es Sch\u00f6neres als an einem lauen Sommerabend mit Lagerfeuer unter der offenen Gartenhaus-Terrasse zu sitzen?<\/p>\n<p><img decoding=\"async\" class=\"alignnone size-full wp-image-47995\" src=\"https:\/\/www.gartenhaus.com\/magazin\/wp-content\/uploads\/2024\/02\/gartenhaus-flachdach-modell-quinta-iso-gh-award-2023-3.jpg\" alt=\"Gartenhaus Flachdach Modell Quinta ISO GH Award 2023\" width=\"824\" height=\"549\" srcset=\"https:\/\/www.gartenhaus.ch\/magazin\/wp-content\/uploads\/2024\/02\/gartenhaus-flachdach-modell-quinta-iso-gh-award-2023-3.jpg 824w, https:\/\/www.gartenhaus.ch\/magazin\/wp-content\/uploads\/2024\/02\/gartenhaus-flachdach-modell-quinta-iso-gh-award-2023-3-300x200.jpg 300w, https:\/\/www.gartenhaus.ch\/magazin\/wp-content\/uploads\/2024\/02\/gartenhaus-flachdach-modell-quinta-iso-gh-award-2023-3-768x512.jpg 768w\" sizes=\"(max-width: 824px) 100vw, 824px\" \/><\/p>\n<p><strong>Wir gratulieren allen Gewinnern des GartenHaus Awards 2023 und w\u00fcnschen viele Jahre Freude mit den wundervoll gestalteten GH Produkten! <\/strong><\/p>\n<p>Ebenfalls m\u00f6chten wir uns bei den zahlreichen Teilnehmern bedanken, die bei unserem Wettbewerb 2023 mitgemacht haben. Falls Sie dieses Mal nicht zu den gl\u00fccklichen Gewinnern z\u00e4hlen oder noch nicht teilnehmen konnten: Auch in 2024 wird es einen GH Award geben! \u00dcber den genauen Zeitpunkt halten wir Sie in unserem Magazin und auf unseren Social-Media Kan\u00e4len auf dem Laufenden. Schauen Sie also gerne wieder vorbei.<\/p>\n<p data-pm-slice=\"1 1 []\"><div class=\"su-service\"><div class=\"su-service-title\" style=\"padding-left:46px;min-height:32px;line-height:32px\"><i class=\"sui sui-star\" style=\"font-size:32px;color:#ff0066\"><\/i> Sie haben nun auch Lust bekommen auf ein H\u00e4uschen?<\/div><div class=\"su-service-content su-u-clearfix su-u-trim\" style=\"padding-left:46px\"> St\u00f6bern Sie direkt bei uns im Onlineshop nach Ihrem pers\u00f6nlichen <a href=\"https:\/\/www.gartenhaus.ch\/gartenhaeuser\">Gartenhaus<\/a> oder \u00e4hnlichem!<\/div><\/div>\n<p>***<\/p>\n<p><small>Titelbild + Gewinner-Collage: \u00a9Gartenhaus.com<\/small><br \/>\n<small>Artikelbilder: \u00a9Gartenhaus.com\/Kundenprojekte<\/small><\/p>\n<p><a href=\"https:\/\/www.pinterest.de\/gartenhausgmbh\/die-besten-kundenprojekte\/\" target=\"_blank\" rel=\"noopener noreferrer\" data-pin-do=\"embedBoard\" data-pin-lang=\"de\" data-pin-board-width=\"824\" data-pin-scale-height=\"300\" data-pin-scale-width=\"145\">Kundenprojekte<\/a><\/p>\n<div class=\"shariff shariff-align-center shariff-widget-align-flex-start\" style=\"display:none\" data-services=\"facebook%7Cpinterest\" data-url=\"https%3A%2F%2Fwww.gartenhaus.ch%2Fmagazin%2Fgartenhaus-award-fotowettbewerb-2023-wir-stellen-die-schoenen-gewinner-projekte-vor%2F\" data-timestamp=\"1748340744\" data-hidezero=\"1\" data-backendurl=\"https:\/\/www.gartenhaus.ch\/magazin\/wp-json\/shariff\/v1\/share_counts?\"><div class=\"ShariffHeadline\">Teile diesen Beitrag<\/div><ul class=\"shariff-buttons theme-white orientation-horizontal buttonsize-medium\"><li class=\"shariff-button facebook shariff-nocustomcolor\" style=\"background-color:#4273c8\"><a href=\"https:\/\/www.facebook.com\/sharer\/sharer.php?u=https%3A%2F%2Fwww.gartenhaus.ch%2Fmagazin%2Fgartenhaus-award-fotowettbewerb-2023-wir-stellen-die-schoenen-gewinner-projekte-vor%2F\" title=\"Bei Facebook teilen\" aria-label=\"Bei Facebook teilen\" role=\"button\" rel=\"nofollow\" class=\"shariff-link\" style=\"; background-color:#3b5998; color:#3b5998\" target=\"_blank\"><span class=\"shariff-icon\" style=\"fill:#3b5998\"><svg width=\"32px\" height=\"20px\" xmlns=\"http:\/\/www.w3.org\/2000\/svg\" viewBox=\"0 0 18 32\"><path fill=\"#3b5998\" d=\"M17.1 0.2v4.7h-2.8q-1.5 0-2.1 0.6t-0.5 1.9v3.4h5.2l-0.7 5.3h-4.5v13.6h-5.5v-13.6h-4.5v-5.3h4.5v-3.9q0-3.3 1.9-5.2t5-1.8q2.6 0 4.1 0.2z\"\/><\/svg><\/span><span class=\"shariff-text\" style=\"color:#3b5998\">teilen<\/span>&nbsp;<span data-service=\"facebook\" style=\"color:#3b5998\" class=\"shariff-count shariff-hidezero\"><\/span>&nbsp;<\/a><\/li><li class=\"shariff-button twitter shariff-nocustomcolor\" style=\"background-color:#595959\"><a href=\"https:\/\/twitter.com\/share?url=https%3A%2F%2Fwww.gartenhaus.ch%2Fmagazin%2Fgartenhaus-award-fotowettbewerb-2023-wir-stellen-die-schoenen-gewinner-projekte-vor%2F&text=GartenHaus%20Award%20Fotowettbewerb%202023%3A%20Wir%20stellen%20die%20sch%C3%B6nen%20Gewinner-Projekte%20vor%21\" title=\"Bei X teilen\" aria-label=\"Bei X teilen\" role=\"button\" rel=\"noopener nofollow\" class=\"shariff-link\" style=\"; background-color:#000; color:#000\" target=\"_blank\"><span class=\"shariff-icon\" style=\"fill:#000\"><svg width=\"32px\" height=\"20px\" xmlns=\"http:\/\/www.w3.org\/2000\/svg\" viewBox=\"0 0 24 24\"><path fill=\"#000\" d=\"M14.258 10.152L23.176 0h-2.113l-7.747 8.813L7.133 0H0l9.352 13.328L0 23.973h2.113l8.176-9.309 6.531 9.309h7.133zm-2.895 3.293l-.949-1.328L2.875 1.56h3.246l6.086 8.523.945 1.328 7.91 11.078h-3.246zm0 0\"\/><\/svg><\/span><span class=\"shariff-text\" style=\"color:#000\">teilen<\/span>&nbsp;<\/a><\/li><li class=\"shariff-button pinterest shariff-nocustomcolor\" style=\"background-color:#e70f18\"><a href=\"https:\/\/www.pinterest.com\/pin\/create\/link\/?url=https%3A%2F%2Fwww.gartenhaus.ch%2Fmagazin%2Fgartenhaus-award-fotowettbewerb-2023-wir-stellen-die-schoenen-gewinner-projekte-vor%2F&media=https%3A%2F%2Fwww.gartenhaus.ch%2Fmagazin%2Fwp-content%2Fuploads%2F2024%2F02%2Fgartenhaus-award-gewinner-2023.jpg&description=GartenHaus%20Award%20Fotowettbewerb%202023%3A%20Wir%20stellen%20die%20sch%C3%B6nen%20Gewinner-Projekte%20vor%21\" title=\"Bei Pinterest pinnen\" aria-label=\"Bei Pinterest pinnen\" role=\"button\" rel=\"noopener nofollow\" class=\"shariff-link\" style=\"; background-color:#cb2027; color:#cb2027\" target=\"_blank\"><span class=\"shariff-icon\" style=\"fill:#cb2027\"><svg width=\"32px\" height=\"20px\" xmlns=\"http:\/\/www.w3.org\/2000\/svg\" viewBox=\"0 0 27 32\"><path fill=\"#cb2027\" d=\"M27.4 16q0 3.7-1.8 6.9t-5 5-6.9 1.9q-2 0-3.9-0.6 1.1-1.7 1.4-2.9 0.2-0.6 1-3.8 0.4 0.7 1.3 1.2t2 0.5q2.1 0 3.8-1.2t2.7-3.4 0.9-4.8q0-2-1.1-3.8t-3.1-2.9-4.5-1.2q-1.9 0-3.5 0.5t-2.8 1.4-2 2-1.2 2.3-0.4 2.4q0 1.9 0.7 3.3t2.1 2q0.5 0.2 0.7-0.4 0-0.1 0.1-0.5t0.2-0.5q0.1-0.4-0.2-0.8-0.9-1.1-0.9-2.7 0-2.7 1.9-4.6t4.9-2q2.7 0 4.2 1.5t1.5 3.8q0 3-1.2 5.2t-3.1 2.1q-1.1 0-1.7-0.8t-0.4-1.9q0.1-0.6 0.5-1.7t0.5-1.8 0.2-1.4q0-0.9-0.5-1.5t-1.4-0.6q-1.1 0-1.9 1t-0.8 2.6q0 1.3 0.4 2.2l-1.8 7.5q-0.3 1.2-0.2 3.2-3.7-1.6-6-5t-2.3-7.6q0-3.7 1.9-6.9t5-5 6.9-1.9 6.9 1.9 5 5 1.8 6.9z\"\/><\/svg><\/span><span class=\"shariff-text\" style=\"color:#cb2027\">merken<\/span>&nbsp;<span data-service=\"pinterest\" style=\"color:#cb2027\" class=\"shariff-count shariff-hidezero\"><\/span>&nbsp;<\/a><\/li><li class=\"shariff-button whatsapp shariff-nocustomcolor\" style=\"background-color:#5cbe4a\"><a href=\"https:\/\/api.whatsapp.com\/send?text=https%3A%2F%2Fwww.gartenhaus.ch%2Fmagazin%2Fgartenhaus-award-fotowettbewerb-2023-wir-stellen-die-schoenen-gewinner-projekte-vor%2F%20GartenHaus%20Award%20Fotowettbewerb%202023%3A%20Wir%20stellen%20die%20sch%C3%B6nen%20Gewinner-Projekte%20vor%21\" title=\"Bei Whatsapp teilen\" aria-label=\"Bei Whatsapp teilen\" role=\"button\" rel=\"noopener nofollow\" class=\"shariff-link\" style=\"; background-color:#34af23; color:#34af23\" target=\"_blank\"><span class=\"shariff-icon\" style=\"fill:#34af23\"><svg width=\"32px\" height=\"20px\" xmlns=\"http:\/\/www.w3.org\/2000\/svg\" viewBox=\"0 0 32 32\"><path fill=\"#34af23\" d=\"M17.6 17.4q0.2 0 1.7 0.8t1.6 0.9q0 0.1 0 0.3 0 0.6-0.3 1.4-0.3 0.7-1.3 1.2t-1.8 0.5q-1 0-3.4-1.1-1.7-0.8-3-2.1t-2.6-3.3q-1.3-1.9-1.3-3.5v-0.1q0.1-1.6 1.3-2.8 0.4-0.4 0.9-0.4 0.1 0 0.3 0t0.3 0q0.3 0 0.5 0.1t0.3 0.5q0.1 0.4 0.6 1.6t0.4 1.3q0 0.4-0.6 1t-0.6 0.8q0 0.1 0.1 0.3 0.6 1.3 1.8 2.4 1 0.9 2.7 1.8 0.2 0.1 0.4 0.1 0.3 0 1-0.9t0.9-0.9zM14 26.9q2.3 0 4.3-0.9t3.6-2.4 2.4-3.6 0.9-4.3-0.9-4.3-2.4-3.6-3.6-2.4-4.3-0.9-4.3 0.9-3.6 2.4-2.4 3.6-0.9 4.3q0 3.6 2.1 6.6l-1.4 4.2 4.3-1.4q2.8 1.9 6.2 1.9zM14 2.2q2.7 0 5.2 1.1t4.3 2.9 2.9 4.3 1.1 5.2-1.1 5.2-2.9 4.3-4.3 2.9-5.2 1.1q-3.5 0-6.5-1.7l-7.4 2.4 2.4-7.2q-1.9-3.2-1.9-6.9 0-2.7 1.1-5.2t2.9-4.3 4.3-2.9 5.2-1.1z\"\/><\/svg><\/span><span class=\"shariff-text\" style=\"color:#34af23\">teilen<\/span>&nbsp;<\/a><\/li><li class=\"shariff-button rss shariff-nocustomcolor\" style=\"background-color:#ff8c00\"><a href=\"\/magazin\/feed\/\" title=\"RSS-feed\" aria-label=\"RSS-feed\" role=\"button\" class=\"shariff-link\" style=\"; background-color:#fe9312; color:#fe9312\" target=\"_blank\"><span class=\"shariff-icon\" style=\"fill:#fe9312\"><svg width=\"32px\" height=\"20px\" xmlns=\"http:\/\/www.w3.org\/2000\/svg\" viewBox=\"0 0 32 32\"><path fill=\"#fe9312\" d=\"M4.3 23.5c-2.3 0-4.3 1.9-4.3 4.3 0 2.3 1.9 4.2 4.3 4.2 2.4 0 4.3-1.9 4.3-4.2 0-2.3-1.9-4.3-4.3-4.3zM0 10.9v6.1c4 0 7.7 1.6 10.6 4.4 2.8 2.8 4.4 6.6 4.4 10.6h6.2c0-11.7-9.5-21.1-21.1-21.1zM0 0v6.1c14.2 0 25.8 11.6 25.8 25.9h6.2c0-17.6-14.4-32-32-32z\"\/><\/svg><\/span><span class=\"shariff-text\" style=\"color:#fe9312\">RSS-feed<\/span>&nbsp;<\/a><\/li><li class=\"shariff-button mailto shariff-nocustomcolor\" style=\"background-color:#a8a8a8\"><a href=\"mailto:?body=https%3A%2F%2Fwww.gartenhaus.ch%2Fmagazin%2Fgartenhaus-award-fotowettbewerb-2023-wir-stellen-die-schoenen-gewinner-projekte-vor%2F&subject=GartenHaus%20Award%20Fotowettbewerb%202023%3A%20Wir%20stellen%20die%20sch%C3%B6nen%20Gewinner-Projekte%20vor%21\" title=\"Per E-Mail versenden\" aria-label=\"Per E-Mail versenden\" role=\"button\" rel=\"noopener nofollow\" class=\"shariff-link\" style=\"; background-color:#999; color:#999\"><span class=\"shariff-icon\" style=\"fill:#999\"><svg width=\"32px\" height=\"20px\" xmlns=\"http:\/\/www.w3.org\/2000\/svg\" viewBox=\"0 0 32 32\"><path fill=\"#999\" d=\"M32 12.7v14.2q0 1.2-0.8 2t-2 0.9h-26.3q-1.2 0-2-0.9t-0.8-2v-14.2q0.8 0.9 1.8 1.6 6.5 4.4 8.9 6.1 1 0.8 1.6 1.2t1.7 0.9 2 0.4h0.1q0.9 0 2-0.4t1.7-0.9 1.6-1.2q3-2.2 8.9-6.1 1-0.7 1.8-1.6zM32 7.4q0 1.4-0.9 2.7t-2.2 2.2q-6.7 4.7-8.4 5.8-0.2 0.1-0.7 0.5t-1 0.7-0.9 0.6-1.1 0.5-0.9 0.2h-0.1q-0.4 0-0.9-0.2t-1.1-0.5-0.9-0.6-1-0.7-0.7-0.5q-1.6-1.1-4.7-3.2t-3.6-2.6q-1.1-0.7-2.1-2t-1-2.5q0-1.4 0.7-2.3t2.1-0.9h26.3q1.2 0 2 0.8t0.9 2z\"\/><\/svg><\/span><span class=\"shariff-text\" style=\"color:#999\">E-Mail<\/span>&nbsp;<\/a><\/li><\/ul><\/div>","protected":false},"excerpt":{"rendered":"<p>Im vergangenen Jahr haben wir &#8211; zum wiederholten Male &#8211; die sch\u00f6nsten und einzigartigen Projekte f\u00fcr unseren GartenHaus Award 2023 ausgew\u00e4hlt. Nun freuen wir uns darauf, Ihnen die Gewinner des Fotowettbewerbs im Detail vorstellen zu k\u00f6nnen, und m\u00f6chten uns gleichzeitig bei allen Teilnehmern\/Innen f\u00fcr die zahlreichen Einsendungen bedanken! Erfahren Sie jetzt wer gewonnen hat und [&hellip;]<\/p>\n","protected":false},"author":2,"featured_media":47930,"comment_status":"open","ping_status":"closed","sticky":false,"template":"","format":"standard","meta":{"footnotes":""},"categories":[5942],"tags":[5927,5946,5935,5936],"class_list":["post-47934","post","type-post","status-publish","format-standard","has-post-thumbnail","hentry","category-gewinnspiele","tag-einrichtung","tag-fotowettbewerb","tag-gartenhaeuser","tag-kundenprojekte"],"yoast_head":"<!-- This site is optimized with the Yoast SEO Premium plugin v15.0 - https:\/\/yoast.com\/wordpress\/plugins\/seo\/ -->\n<title>GartenHaus Award 2023: Wir stellen die sch\u00f6nen Gewinner-Projekte vor!<\/title>\n<meta name=\"description\" content=\"Die Gewinner des GartenHaus Awards 2023 stehen endlich fest. Im Beitrag verraten wir, wer gewonnen hat und stellen ihre sch\u00f6nen Projekte vor!\" \/>\n<meta name=\"robots\" content=\"index, follow, max-snippet:-1, max-image-preview:large, max-video-preview:-1\" \/>\n<link rel=\"canonical\" href=\"https:\/\/www.gartenhaus.ch\/magazin\/gartenhaus-award-fotowettbewerb-2023-wir-stellen-die-schoenen-gewinner-projekte-vor\/\" \/>\n<meta property=\"og:locale\" content=\"de_DE\" \/>\n<meta property=\"og:type\" content=\"article\" \/>\n<meta property=\"og:title\" content=\"GartenHaus Award 2023: Wir stellen die Gewinner-Projekte vor!\" \/>\n<meta property=\"og:description\" content=\"Die Gewinner des GartenHaus Awards 2023 stehen endlich fest. Im Beitrag verraten wir, wer gewonnen hat und stellen die sch\u00f6nen Projekte vor!\" \/>\n<meta property=\"og:url\" content=\"https:\/\/www.gartenhaus.ch\/magazin\/gartenhaus-award-fotowettbewerb-2023-wir-stellen-die-schoenen-gewinner-projekte-vor\/\" \/>\n<meta property=\"og:site_name\" content=\"Gartenhaus.com Magazin\" \/>\n<meta property=\"article:published_time\" content=\"2024-02-27T11:19:11+00:00\" \/>\n<meta property=\"article:modified_time\" content=\"2025-05-27T08:12:24+00:00\" \/>\n<meta property=\"og:image\" content=\"https:\/\/www.gartenhaus.ch\/magazin\/wp-content\/uploads\/2024\/02\/gartenhaus-award-gewinner-2023.jpg\" \/>\n\t<meta property=\"og:image:width\" content=\"824\" \/>\n\t<meta property=\"og:image:height\" content=\"549\" \/>\n<meta name=\"twitter:card\" content=\"summary\" \/>\n<script type=\"application\/ld+json\" class=\"yoast-schema-graph\">{\"@context\":\"https:\/\/schema.org\",\"@graph\":[{\"@type\":\"WebSite\",\"@id\":\"https:\/\/www.gartenhaus.ch\/magazin\/#website\",\"url\":\"https:\/\/www.gartenhaus.ch\/magazin\/\",\"name\":\"Gartenhaus.com Magazin\",\"description\":\"Dein Onlineshop rund um das Gartenhaus\",\"potentialAction\":[{\"@type\":\"SearchAction\",\"target\":\"https:\/\/www.gartenhaus.ch\/magazin\/?s={search_term_string}\",\"query-input\":\"required name=search_term_string\"}],\"inLanguage\":\"de-CH\"},{\"@type\":\"ImageObject\",\"@id\":\"https:\/\/www.gartenhaus.ch\/magazin\/gartenhaus-award-fotowettbewerb-2023-wir-stellen-die-schoenen-gewinner-projekte-vor\/#primaryimage\",\"inLanguage\":\"de-CH\",\"url\":\"https:\/\/www.gartenhaus.ch\/magazin\/wp-content\/uploads\/2024\/02\/gartenhaus-award-gewinner-2023.jpg\",\"width\":824,\"height\":549,\"caption\":\"GartenHaus Award Gewinnerbeitrag\"},{\"@type\":\"WebPage\",\"@id\":\"https:\/\/www.gartenhaus.ch\/magazin\/gartenhaus-award-fotowettbewerb-2023-wir-stellen-die-schoenen-gewinner-projekte-vor\/#webpage\",\"url\":\"https:\/\/www.gartenhaus.ch\/magazin\/gartenhaus-award-fotowettbewerb-2023-wir-stellen-die-schoenen-gewinner-projekte-vor\/\",\"name\":\"GartenHaus Award 2023: Wir stellen die sch\\u00f6nen Gewinner-Projekte vor!\",\"isPartOf\":{\"@id\":\"https:\/\/www.gartenhaus.ch\/magazin\/#website\"},\"primaryImageOfPage\":{\"@id\":\"https:\/\/www.gartenhaus.ch\/magazin\/gartenhaus-award-fotowettbewerb-2023-wir-stellen-die-schoenen-gewinner-projekte-vor\/#primaryimage\"},\"datePublished\":\"2024-02-27T11:19:11+00:00\",\"dateModified\":\"2025-05-27T08:12:24+00:00\",\"author\":{\"@id\":\"https:\/\/www.gartenhaus.ch\/magazin\/#\/schema\/person\/5b9bfc960f102bc5fc6ef396333e26a8\"},\"description\":\"Die Gewinner des GartenHaus Awards 2023 stehen endlich fest. Im Beitrag verraten wir, wer gewonnen hat und stellen ihre sch\\u00f6nen Projekte vor!\",\"inLanguage\":\"de-CH\",\"potentialAction\":[{\"@type\":\"ReadAction\",\"target\":[\"https:\/\/www.gartenhaus.ch\/magazin\/gartenhaus-award-fotowettbewerb-2023-wir-stellen-die-schoenen-gewinner-projekte-vor\/\"]}]},{\"@type\":\"Person\",\"@id\":\"https:\/\/www.gartenhaus.ch\/magazin\/#\/schema\/person\/5b9bfc960f102bc5fc6ef396333e26a8\",\"name\":\"gartenhausgmbh\",\"image\":{\"@type\":\"ImageObject\",\"@id\":\"https:\/\/www.gartenhaus.ch\/magazin\/#personlogo\",\"inLanguage\":\"de-CH\",\"url\":\"https:\/\/secure.gravatar.com\/avatar\/0c29c68dc20e65ba9790e5bbd7f7f0b76adf73a561e145dfffee0491eb1b106d?s=96&d=identicon&r=g\",\"caption\":\"gartenhausgmbh\"}}]}<\/script>\n<!-- \/ Yoast SEO Premium plugin. -->","_links":{"self":[{"href":"https:\/\/www.gartenhaus.ch\/magazin\/wp-json\/wp\/v2\/posts\/47934","targetHints":{"allow":["GET"]}}],"collection":[{"href":"https:\/\/www.gartenhaus.ch\/magazin\/wp-json\/wp\/v2\/posts"}],"about":[{"href":"https:\/\/www.gartenhaus.ch\/magazin\/wp-json\/wp\/v2\/types\/post"}],"author":[{"embeddable":true,"href":"https:\/\/www.gartenhaus.ch\/magazin\/wp-json\/wp\/v2\/users\/2"}],"replies":[{"embeddable":true,"href":"https:\/\/www.gartenhaus.ch\/magazin\/wp-json\/wp\/v2\/comments?post=47934"}],"version-history":[{"count":0,"href":"https:\/\/www.gartenhaus.ch\/magazin\/wp-json\/wp\/v2\/posts\/47934\/revisions"}],"wp:featuredmedia":[{"embeddable":true,"href":"https:\/\/www.gartenhaus.ch\/magazin\/wp-json\/wp\/v2\/media\/47930"}],"wp:attachment":[{"href":"https:\/\/www.gartenhaus.ch\/magazin\/wp-json\/wp\/v2\/media?parent=47934"}],"wp:term":[{"taxonomy":"category","embeddable":true,"href":"https:\/\/www.gartenhaus.ch\/magazin\/wp-json\/wp\/v2\/categories?post=47934"},{"taxonomy":"post_tag","embeddable":true,"href":"https:\/\/www.gartenhaus.ch\/magazin\/wp-json\/wp\/v2\/tags?post=47934"}],"curies":[{"name":"wp","href":"https:\/\/api.w.org\/{rel}","templated":true}]}}