{"id":45385,"date":"2014-05-06T16:46:39","date_gmt":"2014-05-06T14:46:39","guid":{"rendered":"https:\/\/www.gartenhaus.com\/magazin\/im-gartenhaus-uebernachten\/"},"modified":"2025-11-20T15:27:52","modified_gmt":"2025-11-20T14:27:52","slug":"im-gartenhaus-uebernachten","status":"publish","type":"post","link":"https:\/\/www.gartenhaus.ch\/magazin\/im-gartenhaus-uebernachten\/","title":{"rendered":"Im Gartenhaus \u00fcbernachten"},"content":{"rendered":"<p>Wer plant, ein neues Gartenhaus zu erwerben oder einen Garten mit Laube zu \u00fcbernehmen, wird vermutlich dar\u00fcber nachdenken, ob gelegentliche \u00dcbernachtungen zur k\u00fcnftigen Nutzung geh\u00f6ren sollen. Besonders im Sommer bietet es sich an, nach einem feuchtfr\u00f6hlichen Grill-Abend lieber am Ort des Geschehens zu bleiben. Viele Gartenfreunde nutzen ihr Gartenhaus auch am Wochenende, im Urlaub oder sogar als \u201eZweitwohnsitz\u201c f\u00fcr die warme Jahreszeit. Hat man solche Pl\u00e4ne, sollte man vor allem zwei wichtige Aspekte pr\u00fcfen:<!--more--><\/p>\n<p><a href=\"https:\/\/www.gartenhaus.com\/magazin\/gartenhaeuser\/\"><img decoding=\"async\" class=\"alignnone size-full wp-image-48070\" src=\"https:\/\/www.gartenhaus.com\/magazin\/wp-content\/uploads\/2024\/06\/gh_gartenhaeuser_v2_824x170.jpg\" alt=\"Gartenh\u00e4user kaufen\" width=\"824\" height=\"170\" srcset=\"https:\/\/www.gartenhaus.ch\/magazin\/wp-content\/uploads\/2024\/06\/gh_gartenhaeuser_v2_824x170.jpg 824w, https:\/\/www.gartenhaus.ch\/magazin\/wp-content\/uploads\/2024\/06\/gh_gartenhaeuser_v2_824x170-300x62.jpg 300w, https:\/\/www.gartenhaus.ch\/magazin\/wp-content\/uploads\/2024\/06\/gh_gartenhaeuser_v2_824x170-768x158.jpg 768w\" sizes=\"(max-width: 824px) 100vw, 824px\" \/><\/a><\/p>\n<ul>\n<li>\u00a0Sind die geplanten Aufenthalte mit \u00dcbernachtungen im Gartenhaus rechtlich \u00fcberhaupt erlaubt?<\/li>\n<li>Welche Ausstattung braucht das Gartenhaus, um als Ort zum \u00dcbernachten zu dienen?<\/li>\n<\/ul>\n<h2>\u00dcbernachten in der Kleingartenanlage (KGA)<\/h2>\n<p>Steht das Gartenhaus auf dem eigenen Wohngrundst\u00fcck, kann man darin nach Belieben \u00fcbernachten, so oft und so lange man mag. Anders sieht es aus, wenn das H\u00e4uschen in einer Kleingartenanlage steht, die dem <a href=\"http:\/\/de.wikipedia.org\/wiki\/Bundeskleingartengesetz\" target=\"_blank\" rel=\"noopener\">Bundeskleingartengesetz<\/a> unterliegt. Diese <a href=\"\/magazin\/schrebergarten-die-10-wichtigsten-zahlen-und-fakten\/\">Pachtg\u00e4rten bzw. Vereinsg\u00e4rten<\/a> gelten als \u00f6ffentliches Gr\u00fcn, das zum Zweck der kleing\u00e4rtnerischen Nutzung, aber auch zur Erholung verpachtet wird. Die Lauben sollen \u201eeinfach ausgestattet\u201c und gerade nicht f\u00fcr eine Wohnnutzung geeignet sein. Allerdings erlaubt die \u201eErholungsnutzung\u201c durchaus gelegentliches \u00dcbernachten, auch ein Urlaub ist in der Regel kein Problem.<\/p>\n<p>Studiere vor der \u00dcbernahme eines solchen Gartens aber auch die Vereinssatzung: Manche Vereine untersagen das \u00dcbernachten, ohne dass es dazu eine gesetzliche Pflicht g\u00e4be. Solche Regelungen bekommt man dann nur weg, indem man sich im jeweiligen Verein engagiert und auf eine Satzungs\u00e4nderung hinarbeitet. Man sollte auch die gelebte Wirklichkeit checken, die oft von den Buchstaben der Satzung abweicht. \u201eWo kein Kl\u00e4ger, da kein Richter\u201c gilt auch in Kleingartenanlagen, doch sollte man sich der Risiken zumindest vor gr\u00f6\u00dferen Investitionen bewusst sein, die von solchen \u201estillschweigenden Duldungen\u201c ausgehen.<\/p>\n<h2>Welche Ausstattung brauche ich zum \u00dcbernachten im Gartenhaus?<\/h2>\n<p>Zun\u00e4chst muss es nat\u00fcrlich gro\u00df genug sein, um \u00fcberhaupt Platz zum Schlafen zu bieten. Ein Stromanschluss f\u00fcr Kochplatte, Licht und andere Ger\u00e4te w\u00e4re sinnvoll, denn er bietet Bequemlichkeiten, auf die man ungern verzichtet. Ist ein Anschluss nicht m\u00f6glich \u2013 wie in manchen Kleingartenanlagen \u2013 kann man sich aber auch mit einer Camping-Ausstattung behelfen. Besonders Kinder genie\u00dfen es ja als Spa\u00df und Abenteuer, wenn nicht alles so funktioniert wie zu Hause.<\/p>\n<p>Will man schon im Fr\u00fchjahr oder noch im Herbst im Gartenhaus \u00fcbernachten, sollte von vorneherein ein Gartenhaus mit einer dickeren Wandst\u00e4rke gew\u00e4hlt werden. Ein kleiner Elektro-Heizk\u00f6rper tut dann gute Dienste und das Haus verliert die W\u00e4rme nicht so leicht. Ist kein Strom vorhanden, sind hochwertige Schlafs\u00e4cke, die auch noch bei Minustemperaturen warm halten, eine weitere M\u00f6glichkeit.<\/p>\n<h2>Betten oder Schlafboden?<\/h2>\n<p>Ob man Betten im Gartenhaus aufstellen m\u00f6chte, beeinflusst ganz erheblich den Platzbedarf bzw. die Gr\u00f6\u00dfenwahl beim Bau oder Kauf eines Gartenhauses. Insbesondere, wenn eine ganze Familie \u00fcbernachten will, sollte man vorab genau planen, wie und mit welcher Betten-Art das erm\u00f6glicht werden kann.<\/p>\n<p>Alleine oder zu zweit kann man meist problemlos zwei schmale Betten oder ein franz\u00f6sisches Bett im Hauptraum der Laube unterbringen, sofern der Grundriss dies hergibt, bzw. das Haus nicht nur &#171;Schuppengr\u00f6\u00dfe&#187; hat. Sollen auch Kinder bzw. mehrere Personen \u00fcbernachten, braucht man mehr Platz, den man wiederum mit praktischen Etagenbetten minimieren kann. F\u00fcr sie muss das Gartenhaus dann allerdings auch hoch genug gew\u00e4hlt werden, damit die Personen, die oben schlafen, noch genug &#171;Luftraum&#187; bis zur Decke haben und nicht unter Platzangst leiden m\u00fcssen.<\/p>\n<p><img decoding=\"async\" class=\"aligncenter size-full wp-image-536\" title=\"Gartenhaus Bunkie mit Schlafboden\" src=\"\/magazin\/wp-content\/uploads\/2014\/05\/gartenhaus-mit-schlafboden.jpg\" alt=\"Gartenhaus Bunkie mit Schlafboden\" width=\"675\" height=\"326\" srcset=\"https:\/\/www.gartenhaus.ch\/magazin\/wp-content\/uploads\/2014\/05\/gartenhaus-mit-schlafboden.jpg 675w, https:\/\/www.gartenhaus.ch\/magazin\/wp-content\/uploads\/2014\/05\/gartenhaus-mit-schlafboden-300x145.jpg 300w\" sizes=\"(max-width: 675px) 100vw, 675px\" \/><\/p>\n<p>Eine elegante L\u00f6sung f\u00fcr mehr als zwei Personen ist <strong>ein Schlafboden<\/strong> (s. Bild oben). Daf\u00fcr wird der Raum genutzt, der bei Gartenh\u00e4usern mit Satteldach im Giebelbereich entsteht. Diese \u201ezweite Etage\u201c, die bei manchen Gartenhausmodellen bereits eingebaut ist, kann per Leiter vom Hauptraum aus trockenen Fu\u00dfes erreicht werden. Stehen ist zwar nicht m\u00f6glich, doch reicht der Raum zum Schlafen gut aus. Insbesondere Kinder genie\u00dfen das Schlafen \u201ein luftiger H\u00f6he\u201c und hat man im Garten mal G\u00e4ste, kann der Schlafboden auch ihnen eine Alternative zur fr\u00fchen Heimfahrt bieten.<\/p>\n<h2>Gartenh\u00e4user mit Schlafboden<\/h2>\n<p>Auf unseren Seiten findest du verschiedene <a href=\"\/gartenhaeuser-mit-schlafboden\">Garten- und Freizeith\u00e4user, die bereits einen integrierten Schlafboden<\/a> mitbringen &#8211; gro\u00dfe und kleine. So hat etwa das oben gezeigte Garten- und Freizeithaus Bunkie-40 ein Au\u00dfenma\u00df von nur 290 x 380 cm (plus 100 cm f\u00fcr das Vordach). Daraus ergibt sich eine Nutzfl\u00e4che von 9,2 m\u00b2 f\u00fcr den Hauptraum und immerhin noch ganze 4,7 Quadratmeter f\u00fcr den Schlafboden.<\/p>\n<p><img decoding=\"async\" class=\"aligncenter size-full wp-image-538\" title=\"gro\u00dfer Schlafboden\" src=\"\/magazin\/wp-content\/uploads\/2014\/05\/schlafboden2.jpg\" alt=\"Schlafboden\" width=\"675\" height=\"428\" srcset=\"https:\/\/www.gartenhaus.ch\/magazin\/wp-content\/uploads\/2014\/05\/schlafboden2.jpg 675w, https:\/\/www.gartenhaus.ch\/magazin\/wp-content\/uploads\/2014\/05\/schlafboden2-300x190.jpg 300w\" sizes=\"(max-width: 675px) 100vw, 675px\" \/><\/p>\n<p>Deutlich gr\u00f6\u00dfer ist der Platz auf dem Schlafboden des Gartenhauses Windsor ISO: Gut 12 Quadratmeter stehen zum Schlafen zur Verf\u00fcgung, das ist schon beinah Jugendzimmergr\u00f6\u00dfe! Mit seiner Wandst\u00e4rke von 44 mm ist dieses Gartenhaus auch gut ger\u00fcstet, um beheizt zu werden und so \u00dcbernachtungen auch in der \u00dcbergangszeit zu erm\u00f6glichen.<\/p>\n<p>***<\/p>\n<p><small>Artikelbilder: \u00a9Gartenhaus.com<\/small><\/p>\n<div class=\"shariff shariff-align-center shariff-widget-align-flex-start\" style=\"display:none\" data-services=\"facebook%7Cpinterest\" data-url=\"https%3A%2F%2Fwww.gartenhaus.ch%2Fmagazin%2Fim-gartenhaus-uebernachten%2F\" data-timestamp=\"1763652472\" data-hidezero=\"1\" data-backendurl=\"https:\/\/www.gartenhaus.ch\/magazin\/wp-json\/shariff\/v1\/share_counts?\"><div class=\"ShariffHeadline\">Teile diesen Beitrag<\/div><ul class=\"shariff-buttons theme-white orientation-horizontal buttonsize-medium\"><li class=\"shariff-button facebook shariff-nocustomcolor\" style=\"background-color:#4273c8\"><a href=\"https:\/\/www.facebook.com\/sharer\/sharer.php?u=https%3A%2F%2Fwww.gartenhaus.ch%2Fmagazin%2Fim-gartenhaus-uebernachten%2F\" title=\"Bei Facebook teilen\" aria-label=\"Bei Facebook teilen\" role=\"button\" rel=\"nofollow\" class=\"shariff-link\" style=\"; background-color:#3b5998; color:#3b5998\" target=\"_blank\"><span class=\"shariff-icon\" style=\"fill:#3b5998\"><svg width=\"32px\" height=\"20px\" xmlns=\"http:\/\/www.w3.org\/2000\/svg\" viewBox=\"0 0 18 32\"><path fill=\"#3b5998\" d=\"M17.1 0.2v4.7h-2.8q-1.5 0-2.1 0.6t-0.5 1.9v3.4h5.2l-0.7 5.3h-4.5v13.6h-5.5v-13.6h-4.5v-5.3h4.5v-3.9q0-3.3 1.9-5.2t5-1.8q2.6 0 4.1 0.2z\"\/><\/svg><\/span><span class=\"shariff-text\" style=\"color:#3b5998\">teilen<\/span>&nbsp;<span data-service=\"facebook\" style=\"color:#3b5998\" class=\"shariff-count shariff-hidezero\"><\/span>&nbsp;<\/a><\/li><li class=\"shariff-button twitter shariff-nocustomcolor\" style=\"background-color:#595959\"><a href=\"https:\/\/twitter.com\/share?url=https%3A%2F%2Fwww.gartenhaus.ch%2Fmagazin%2Fim-gartenhaus-uebernachten%2F&text=Im%20Gartenhaus%20%C3%BCbernachten\" title=\"Bei X teilen\" aria-label=\"Bei X teilen\" role=\"button\" rel=\"noopener nofollow\" class=\"shariff-link\" style=\"; background-color:#000; color:#000\" target=\"_blank\"><span class=\"shariff-icon\" style=\"fill:#000\"><svg width=\"32px\" height=\"20px\" xmlns=\"http:\/\/www.w3.org\/2000\/svg\" viewBox=\"0 0 24 24\"><path fill=\"#000\" d=\"M14.258 10.152L23.176 0h-2.113l-7.747 8.813L7.133 0H0l9.352 13.328L0 23.973h2.113l8.176-9.309 6.531 9.309h7.133zm-2.895 3.293l-.949-1.328L2.875 1.56h3.246l6.086 8.523.945 1.328 7.91 11.078h-3.246zm0 0\"\/><\/svg><\/span><span class=\"shariff-text\" style=\"color:#000\">teilen<\/span>&nbsp;<\/a><\/li><li class=\"shariff-button pinterest shariff-nocustomcolor\" style=\"background-color:#e70f18\"><a href=\"https:\/\/www.pinterest.com\/pin\/create\/link\/?url=https%3A%2F%2Fwww.gartenhaus.ch%2Fmagazin%2Fim-gartenhaus-uebernachten%2F&media=https%3A%2F%2Fwww.gartenhaus.ch%2Fmagazin%2Fwp-content%2Fuploads%2F2014%2F05%2Fgarten-idylle.jpg&description=Im%20Gartenhaus%20%C3%BCbernachten\" title=\"Bei Pinterest pinnen\" aria-label=\"Bei Pinterest pinnen\" role=\"button\" rel=\"noopener nofollow\" class=\"shariff-link\" style=\"; background-color:#cb2027; color:#cb2027\" target=\"_blank\"><span class=\"shariff-icon\" style=\"fill:#cb2027\"><svg width=\"32px\" height=\"20px\" xmlns=\"http:\/\/www.w3.org\/2000\/svg\" viewBox=\"0 0 27 32\"><path fill=\"#cb2027\" d=\"M27.4 16q0 3.7-1.8 6.9t-5 5-6.9 1.9q-2 0-3.9-0.6 1.1-1.7 1.4-2.9 0.2-0.6 1-3.8 0.4 0.7 1.3 1.2t2 0.5q2.1 0 3.8-1.2t2.7-3.4 0.9-4.8q0-2-1.1-3.8t-3.1-2.9-4.5-1.2q-1.9 0-3.5 0.5t-2.8 1.4-2 2-1.2 2.3-0.4 2.4q0 1.9 0.7 3.3t2.1 2q0.5 0.2 0.7-0.4 0-0.1 0.1-0.5t0.2-0.5q0.1-0.4-0.2-0.8-0.9-1.1-0.9-2.7 0-2.7 1.9-4.6t4.9-2q2.7 0 4.2 1.5t1.5 3.8q0 3-1.2 5.2t-3.1 2.1q-1.1 0-1.7-0.8t-0.4-1.9q0.1-0.6 0.5-1.7t0.5-1.8 0.2-1.4q0-0.9-0.5-1.5t-1.4-0.6q-1.1 0-1.9 1t-0.8 2.6q0 1.3 0.4 2.2l-1.8 7.5q-0.3 1.2-0.2 3.2-3.7-1.6-6-5t-2.3-7.6q0-3.7 1.9-6.9t5-5 6.9-1.9 6.9 1.9 5 5 1.8 6.9z\"\/><\/svg><\/span><span class=\"shariff-text\" style=\"color:#cb2027\">merken<\/span>&nbsp;<span data-service=\"pinterest\" style=\"color:#cb2027\" class=\"shariff-count shariff-hidezero\"><\/span>&nbsp;<\/a><\/li><li class=\"shariff-button whatsapp shariff-nocustomcolor\" style=\"background-color:#5cbe4a\"><a href=\"https:\/\/api.whatsapp.com\/send?text=https%3A%2F%2Fwww.gartenhaus.ch%2Fmagazin%2Fim-gartenhaus-uebernachten%2F%20Im%20Gartenhaus%20%C3%BCbernachten\" title=\"Bei Whatsapp teilen\" aria-label=\"Bei Whatsapp teilen\" role=\"button\" rel=\"noopener nofollow\" class=\"shariff-link\" style=\"; background-color:#34af23; color:#34af23\" target=\"_blank\"><span class=\"shariff-icon\" style=\"fill:#34af23\"><svg width=\"32px\" height=\"20px\" xmlns=\"http:\/\/www.w3.org\/2000\/svg\" viewBox=\"0 0 32 32\"><path fill=\"#34af23\" d=\"M17.6 17.4q0.2 0 1.7 0.8t1.6 0.9q0 0.1 0 0.3 0 0.6-0.3 1.4-0.3 0.7-1.3 1.2t-1.8 0.5q-1 0-3.4-1.1-1.7-0.8-3-2.1t-2.6-3.3q-1.3-1.9-1.3-3.5v-0.1q0.1-1.6 1.3-2.8 0.4-0.4 0.9-0.4 0.1 0 0.3 0t0.3 0q0.3 0 0.5 0.1t0.3 0.5q0.1 0.4 0.6 1.6t0.4 1.3q0 0.4-0.6 1t-0.6 0.8q0 0.1 0.1 0.3 0.6 1.3 1.8 2.4 1 0.9 2.7 1.8 0.2 0.1 0.4 0.1 0.3 0 1-0.9t0.9-0.9zM14 26.9q2.3 0 4.3-0.9t3.6-2.4 2.4-3.6 0.9-4.3-0.9-4.3-2.4-3.6-3.6-2.4-4.3-0.9-4.3 0.9-3.6 2.4-2.4 3.6-0.9 4.3q0 3.6 2.1 6.6l-1.4 4.2 4.3-1.4q2.8 1.9 6.2 1.9zM14 2.2q2.7 0 5.2 1.1t4.3 2.9 2.9 4.3 1.1 5.2-1.1 5.2-2.9 4.3-4.3 2.9-5.2 1.1q-3.5 0-6.5-1.7l-7.4 2.4 2.4-7.2q-1.9-3.2-1.9-6.9 0-2.7 1.1-5.2t2.9-4.3 4.3-2.9 5.2-1.1z\"\/><\/svg><\/span><span class=\"shariff-text\" style=\"color:#34af23\">teilen<\/span>&nbsp;<\/a><\/li><li class=\"shariff-button rss shariff-nocustomcolor\" style=\"background-color:#ff8c00\"><a href=\"\/magazin\/feed\/\" title=\"RSS-feed\" aria-label=\"RSS-feed\" role=\"button\" class=\"shariff-link\" style=\"; background-color:#fe9312; color:#fe9312\" target=\"_blank\"><span class=\"shariff-icon\" style=\"fill:#fe9312\"><svg width=\"32px\" height=\"20px\" xmlns=\"http:\/\/www.w3.org\/2000\/svg\" viewBox=\"0 0 32 32\"><path fill=\"#fe9312\" d=\"M4.3 23.5c-2.3 0-4.3 1.9-4.3 4.3 0 2.3 1.9 4.2 4.3 4.2 2.4 0 4.3-1.9 4.3-4.2 0-2.3-1.9-4.3-4.3-4.3zM0 10.9v6.1c4 0 7.7 1.6 10.6 4.4 2.8 2.8 4.4 6.6 4.4 10.6h6.2c0-11.7-9.5-21.1-21.1-21.1zM0 0v6.1c14.2 0 25.8 11.6 25.8 25.9h6.2c0-17.6-14.4-32-32-32z\"\/><\/svg><\/span><span class=\"shariff-text\" style=\"color:#fe9312\">RSS-feed<\/span>&nbsp;<\/a><\/li><li class=\"shariff-button mailto shariff-nocustomcolor\" style=\"background-color:#a8a8a8\"><a href=\"mailto:?body=https%3A%2F%2Fwww.gartenhaus.ch%2Fmagazin%2Fim-gartenhaus-uebernachten%2F&subject=Im%20Gartenhaus%20%C3%BCbernachten\" title=\"Per E-Mail versenden\" aria-label=\"Per E-Mail versenden\" role=\"button\" rel=\"noopener nofollow\" class=\"shariff-link\" style=\"; background-color:#999; color:#999\"><span class=\"shariff-icon\" style=\"fill:#999\"><svg width=\"32px\" height=\"20px\" xmlns=\"http:\/\/www.w3.org\/2000\/svg\" viewBox=\"0 0 32 32\"><path fill=\"#999\" d=\"M32 12.7v14.2q0 1.2-0.8 2t-2 0.9h-26.3q-1.2 0-2-0.9t-0.8-2v-14.2q0.8 0.9 1.8 1.6 6.5 4.4 8.9 6.1 1 0.8 1.6 1.2t1.7 0.9 2 0.4h0.1q0.9 0 2-0.4t1.7-0.9 1.6-1.2q3-2.2 8.9-6.1 1-0.7 1.8-1.6zM32 7.4q0 1.4-0.9 2.7t-2.2 2.2q-6.7 4.7-8.4 5.8-0.2 0.1-0.7 0.5t-1 0.7-0.9 0.6-1.1 0.5-0.9 0.2h-0.1q-0.4 0-0.9-0.2t-1.1-0.5-0.9-0.6-1-0.7-0.7-0.5q-1.6-1.1-4.7-3.2t-3.6-2.6q-1.1-0.7-2.1-2t-1-2.5q0-1.4 0.7-2.3t2.1-0.9h26.3q1.2 0 2 0.8t0.9 2z\"\/><\/svg><\/span><span class=\"shariff-text\" style=\"color:#999\">E-Mail<\/span>&nbsp;<\/a><\/li><\/ul><\/div>","protected":false},"excerpt":{"rendered":"<p>Wer plant, ein neues Gartenhaus zu erwerben oder einen Garten mit Laube zu \u00fcbernehmen, wird vermutlich dar\u00fcber nachdenken, ob gelegentliche \u00dcbernachtungen zur k\u00fcnftigen Nutzung geh\u00f6ren sollen. Besonders im Sommer bietet es sich an, nach einem feuchtfr\u00f6hlichen Grill-Abend lieber am Ort des Geschehens zu bleiben. Viele Gartenfreunde nutzen ihr Gartenhaus auch am Wochenende, im Urlaub oder [&hellip;]<\/p>\n","protected":false},"author":3,"featured_media":16469,"comment_status":"closed","ping_status":"closed","sticky":false,"template":"","format":"standard","meta":{"footnotes":""},"categories":[5922],"tags":[5927,5935],"class_list":["post-45385","post","type-post","status-publish","format-standard","has-post-thumbnail","hentry","category-aufbau-wissen","tag-einrichtung","tag-gartenhaeuser"],"yoast_head":"<!-- This site is optimized with the Yoast SEO Premium plugin v15.0 - https:\/\/yoast.com\/wordpress\/plugins\/seo\/ -->\n<title>Im Gartenhaus \u00fcbernachten<\/title>\n<meta name=\"description\" content=\"Wer im Gartenhaus \u00fcbernachten will, sollte die rechtlichen und technischen Rahmenbedingungen pr\u00fcfen.\" \/>\n<meta name=\"robots\" content=\"index, follow, max-snippet:-1, max-image-preview:large, max-video-preview:-1\" \/>\n<link rel=\"canonical\" href=\"https:\/\/www.gartenhaus.ch\/magazin\/im-gartenhaus-uebernachten\/\" \/>\n<meta property=\"og:locale\" content=\"de_DE\" \/>\n<meta property=\"og:type\" content=\"article\" \/>\n<meta property=\"og:title\" content=\"Im Gartenhaus \u00fcbernachten\" \/>\n<meta property=\"og:description\" content=\"Wer im Gartenhaus \u00fcbernachten will, sollte die rechtlichen und technischen Rahmenbedingungen pr\u00fcfen.\" \/>\n<meta property=\"og:url\" content=\"https:\/\/www.gartenhaus.ch\/magazin\/im-gartenhaus-uebernachten\/\" \/>\n<meta property=\"og:site_name\" content=\"Gartenhaus.com Magazin\" \/>\n<meta property=\"article:published_time\" content=\"2014-05-06T14:46:39+00:00\" \/>\n<meta property=\"article:modified_time\" content=\"2025-11-20T14:27:52+00:00\" \/>\n<meta property=\"og:image\" content=\"https:\/\/www.gartenhaus.ch\/magazin\/wp-content\/uploads\/2014\/05\/garten-idylle.jpg\" \/>\n\t<meta property=\"og:image:width\" content=\"675\" \/>\n\t<meta property=\"og:image:height\" content=\"449\" \/>\n<meta name=\"twitter:card\" content=\"summary\" \/>\n<script type=\"application\/ld+json\" class=\"yoast-schema-graph\">{\"@context\":\"https:\/\/schema.org\",\"@graph\":[{\"@type\":\"WebSite\",\"@id\":\"https:\/\/www.gartenhaus.ch\/magazin\/#website\",\"url\":\"https:\/\/www.gartenhaus.ch\/magazin\/\",\"name\":\"Gartenhaus.com Magazin\",\"description\":\"Dein Onlineshop rund um das Gartenhaus\",\"potentialAction\":[{\"@type\":\"SearchAction\",\"target\":\"https:\/\/www.gartenhaus.ch\/magazin\/?s={search_term_string}\",\"query-input\":\"required name=search_term_string\"}],\"inLanguage\":\"de-CH\"},{\"@type\":\"ImageObject\",\"@id\":\"https:\/\/www.gartenhaus.ch\/magazin\/im-gartenhaus-uebernachten\/#primaryimage\",\"inLanguage\":\"de-CH\",\"url\":\"https:\/\/www.gartenhaus.ch\/magazin\/wp-content\/uploads\/2014\/05\/garten-idylle.jpg\",\"width\":675,\"height\":449},{\"@type\":\"WebPage\",\"@id\":\"https:\/\/www.gartenhaus.ch\/magazin\/im-gartenhaus-uebernachten\/#webpage\",\"url\":\"https:\/\/www.gartenhaus.ch\/magazin\/im-gartenhaus-uebernachten\/\",\"name\":\"Im Gartenhaus \\u00fcbernachten\",\"isPartOf\":{\"@id\":\"https:\/\/www.gartenhaus.ch\/magazin\/#website\"},\"primaryImageOfPage\":{\"@id\":\"https:\/\/www.gartenhaus.ch\/magazin\/im-gartenhaus-uebernachten\/#primaryimage\"},\"datePublished\":\"2014-05-06T14:46:39+00:00\",\"dateModified\":\"2025-11-20T14:27:52+00:00\",\"author\":{\"@id\":\"https:\/\/www.gartenhaus.ch\/magazin\/#\/schema\/person\/704675e45f6141f524cacf02d730cb28\"},\"description\":\"Wer im Gartenhaus \\u00fcbernachten will, sollte die rechtlichen und technischen Rahmenbedingungen pr\\u00fcfen.\",\"inLanguage\":\"de-CH\",\"potentialAction\":[{\"@type\":\"ReadAction\",\"target\":[\"https:\/\/www.gartenhaus.ch\/magazin\/im-gartenhaus-uebernachten\/\"]}]},{\"@type\":\"Person\",\"@id\":\"https:\/\/www.gartenhaus.ch\/magazin\/#\/schema\/person\/704675e45f6141f524cacf02d730cb28\",\"name\":\"cklinger\",\"image\":{\"@type\":\"ImageObject\",\"@id\":\"https:\/\/www.gartenhaus.ch\/magazin\/#personlogo\",\"inLanguage\":\"de-CH\",\"url\":\"https:\/\/secure.gravatar.com\/avatar\/e4c3d8dac67486da0cdc2cade43fb0ea3d9d5e57ee4a0b1c3ecb36429acd2acd?s=96&d=identicon&r=g\",\"caption\":\"cklinger\"}}]}<\/script>\n<!-- \/ Yoast SEO Premium plugin. -->","_links":{"self":[{"href":"https:\/\/www.gartenhaus.ch\/magazin\/wp-json\/wp\/v2\/posts\/45385","targetHints":{"allow":["GET"]}}],"collection":[{"href":"https:\/\/www.gartenhaus.ch\/magazin\/wp-json\/wp\/v2\/posts"}],"about":[{"href":"https:\/\/www.gartenhaus.ch\/magazin\/wp-json\/wp\/v2\/types\/post"}],"author":[{"embeddable":true,"href":"https:\/\/www.gartenhaus.ch\/magazin\/wp-json\/wp\/v2\/users\/3"}],"replies":[{"embeddable":true,"href":"https:\/\/www.gartenhaus.ch\/magazin\/wp-json\/wp\/v2\/comments?post=45385"}],"version-history":[{"count":0,"href":"https:\/\/www.gartenhaus.ch\/magazin\/wp-json\/wp\/v2\/posts\/45385\/revisions"}],"wp:featuredmedia":[{"embeddable":true,"href":"https:\/\/www.gartenhaus.ch\/magazin\/wp-json\/wp\/v2\/media\/16469"}],"wp:attachment":[{"href":"https:\/\/www.gartenhaus.ch\/magazin\/wp-json\/wp\/v2\/media?parent=45385"}],"wp:term":[{"taxonomy":"category","embeddable":true,"href":"https:\/\/www.gartenhaus.ch\/magazin\/wp-json\/wp\/v2\/categories?post=45385"},{"taxonomy":"post_tag","embeddable":true,"href":"https:\/\/www.gartenhaus.ch\/magazin\/wp-json\/wp\/v2\/tags?post=45385"}],"curies":[{"name":"wp","href":"https:\/\/api.w.org\/{rel}","templated":true}]}}