{"id":45210,"date":"2015-01-06T12:01:56","date_gmt":"2015-01-06T11:01:56","guid":{"rendered":"https:\/\/www.gartenhaus.com\/magazin\/ein-gartenhaus-als-partyhaus-mit-billardtisch-und-theke-aufbau-foto-story\/"},"modified":"2025-05-22T13:43:20","modified_gmt":"2025-05-22T11:43:20","slug":"ein-gartenhaus-als-partyhaus-mit-billardtisch-und-theke-aufbau-foto-story","status":"publish","type":"post","link":"https:\/\/www.gartenhaus.ch\/magazin\/ein-gartenhaus-als-partyhaus-mit-billardtisch-und-theke-aufbau-foto-story\/","title":{"rendered":"Ein Gartenhaus als Partyhaus mit Billardtisch und Theke (Aufbau \/ Foto-Story)"},"content":{"rendered":"<p>Ein Wohnhaus und ein gro\u00dfer Garten &#8211; was fehlt da noch? Da Familie Veerhuis gerne feiert und gem\u00fctliche Stunden mit G\u00e4sten verbringt, sollte ein Partyhaus her. Wir zeigen Schritt f\u00fcr Schritt, wie das Gartenhaus Lappland-40 B diesem Wunsch entsprechend aufgebaut und eingerichtet wurde. <!--more--><\/p>\n<h2>Nachgefragt: Wie kam es zum Gartenhaus als Partyhaus?<\/h2>\n<p>Das Ehepaar Cor und Kitty Veerhuis stammt aus Holland, hat sich jedoch vor zwei Jahren entschlossen, den wohlverdienten Ruhestand in Bockhorst, einem kleinen Ort in Niedersachsen zu verbringen, wo Grundst\u00fccke und H\u00e4user noch bezahlbar sind. Ein sch\u00f6nes Wohnhaus auf einem 3000 Quadratmeter-Grundst\u00fcck war schnell gefunden, doch sobald man sich ein wenig eingelebt und Leute kennengelernt hatte, entstand eine neue Idee. Familie Veerhuis schrieb uns dazu:<\/p>\n<blockquote><p>&#171;Wir bemerkten, dass viele Familien ein eigenes Partyhaus haben, wo man Geburtstage und sonstige Feste feiern kann. Also haben wir gedacht, dass das auch f\u00fcr uns etwas w\u00e4re. Via Google sind wir bei unserer Suche dann bei der Gartenhaus GmbH gelandet: Eine \u00fcbersichtliche Website, auf der man viele Garten\u00e4user in verschiedenen Preisklassen finden kann.<br \/>\nSchlie\u03b2lich haben wir uns f\u00fcr das <a href=\"\/gartenhaus-lappland-40-b.html\">Lappland-40 B<\/a> entschieden und ungef\u00e4hr einen Monat sp\u00e4ter kam das Gartenhaus schon bei uns an.&#187;<\/p><\/blockquote>\n<figure id=\"attachment_1717\" aria-describedby=\"caption-attachment-1717\" style=\"width: 694px\" class=\"wp-caption aligncenter\"><a href=\"https:\/\/www.gartenhaus.com\/magazin\/wp-content\/uploads\/2015\/01\/gartenhaus-faroe.jpg\"><img decoding=\"async\" class=\"wp-image-1717 size-full\" src=\"https:\/\/www.gartenhaus.com\/magazin\/wp-content\/uploads\/2015\/01\/gartenhaus-faroe.jpg\" alt=\"Gartenhaus Far\u00f6 70\" width=\"694\" height=\"464\" srcset=\"https:\/\/www.gartenhaus.ch\/magazin\/wp-content\/uploads\/2015\/01\/gartenhaus-faroe.jpg 694w, https:\/\/www.gartenhaus.ch\/magazin\/wp-content\/uploads\/2015\/01\/gartenhaus-faroe-300x201.jpg 300w\" sizes=\"(max-width: 694px) 100vw, 694px\" \/><\/a><figcaption id=\"caption-attachment-1717\" class=\"wp-caption-text\">Dieses Gartenhaus bietet auch gr\u00f6\u00dferen Gesellschaften gen\u00fcgend Platz.<\/figcaption><\/figure>\n<p><a href=\"\/gartenhaus-lappland-40-b.html\">Lappland-40 B<\/a> ist ein ziemlich gro\u00dfes Gartenhaus mit integrierter Terrasse. Allein der Innenraum bietet mit 5 x 5 Metern Grundfl\u00e4che ganze 25 Quadratmeter Nutzfl\u00e4che. Hinzu kommt die 2,50 Meter tiefe Terrasse mit weiteren gut 13 Quadratmetern Platz. Da l\u00e4sst es sich gut mit G\u00e4sten feiern! Nat\u00fcrlich hat uns interessiert, wie es mit dem Aufbau geklappt hat &#8211; schlie\u00dflich ist dieses Gartenhaus-Modell keine ganz kleine H\u00fctte.<\/p>\n<blockquote><p>&#171;Es war nicht ganz so einfach, weil unser Garten f\u00fcr ein Auto nicht zug\u00e4nglich ist. Deswegen mussten wir alles Material erst die 100 Meter zum Garten tragen. Vor dem Aufbauen musste auch erst ein Unterbau gemacht werden, das Gartenhaus steht jetzt auf 20 &#171;Pf\u00e4hlen&#187; aus Beton. Die deutliche Gebrauchsanweisung war unentbehrlich f\u00fcr den Aufbau, unser Kompliment daf\u00fcr! Gut, dass all die verschiedenen Bestandteile genau ineinander passten. Trotzdem haben wir doch noch ein paar extra Anpassungen gemacht, z.B. bei der Befestigungen der Balken.&#187;<\/p><\/blockquote>\n<p>Mit den Antworten auf unsere Nachfragen kamen auch viele Bilder vom Aufbau und von der gelungenen Einrichtung des Partyhauses, f\u00fcr die wir uns herzlich bedanken! So k\u00f6nnen auch unsere Leser &#171;zuschauen&#187;, wie das Gartenhaus Lappland-40 B zum gem\u00fctlichen Partyhaus wird. Los gehts!<\/p>\n<h2>Gartenhausaufbau: Anlieferung und Fundament<\/h2>\n<p>Geliefert wurde das Gartenhaus vom Speziallaster in einem einzigen Packst\u00fcck, doch war es aufgrund der \u00f6rtlichen Verh\u00e4ltnisse nicht m\u00f6glich, es direkt im Garten abzusetzen.<\/p>\n<p><a href=\"https:\/\/www.gartenhaus.com\/magazin\/wp-content\/uploads\/2015\/01\/Gartenhaus-Anlieferung.jpg\"><img decoding=\"async\" class=\"aligncenter size-full wp-image-1685\" src=\"https:\/\/www.gartenhaus.com\/magazin\/wp-content\/uploads\/2015\/01\/Gartenhaus-Anlieferung.jpg\" alt=\"Gartenhaus Anlieferung\" width=\"675\" height=\"200\" srcset=\"https:\/\/www.gartenhaus.ch\/magazin\/wp-content\/uploads\/2015\/01\/Gartenhaus-Anlieferung.jpg 675w, https:\/\/www.gartenhaus.ch\/magazin\/wp-content\/uploads\/2015\/01\/Gartenhaus-Anlieferung-300x89.jpg 300w\" sizes=\"(max-width: 675px) 100vw, 675px\" \/><\/a><\/p>\n<p>Nicht nur der Gartenhaus-Bausatz musste &#171;m\u00f6glichst nahe&#187; dem k\u00fcnftigen Standort Platz finden, sondern auch die Materialien f\u00fcr das Fundament, die Vierkanth\u00f6lzer und Rohre.<\/p>\n<p><a href=\"https:\/\/www.gartenhaus.com\/magazin\/wp-content\/uploads\/2015\/01\/fundament-materialien.jpg\"><img decoding=\"async\" class=\"aligncenter size-full wp-image-1686\" src=\"https:\/\/www.gartenhaus.com\/magazin\/wp-content\/uploads\/2015\/01\/fundament-materialien.jpg\" alt=\"Fundament-Materialien\" width=\"633\" height=\"402\" srcset=\"https:\/\/www.gartenhaus.ch\/magazin\/wp-content\/uploads\/2015\/01\/fundament-materialien.jpg 633w, https:\/\/www.gartenhaus.ch\/magazin\/wp-content\/uploads\/2015\/01\/fundament-materialien-300x191.jpg 300w\" sizes=\"(max-width: 633px) 100vw, 633px\" \/><\/a><\/p>\n<p>Vor Ort ist zun\u00e4chst genaues Vermessen des Standorts angesagt, damit das Fundament auch ganz plan und gerade errichtet werden kann.<\/p>\n<p><a href=\"https:\/\/www.gartenhaus.com\/magazin\/wp-content\/uploads\/2015\/01\/fundament-vermessen.jpg\"><img decoding=\"async\" class=\"aligncenter size-full wp-image-1688\" src=\"https:\/\/www.gartenhaus.com\/magazin\/wp-content\/uploads\/2015\/01\/fundament-vermessen.jpg\" alt=\"fundament-vermessen\" width=\"675\" height=\"380\" srcset=\"https:\/\/www.gartenhaus.ch\/magazin\/wp-content\/uploads\/2015\/01\/fundament-vermessen.jpg 675w, https:\/\/www.gartenhaus.ch\/magazin\/wp-content\/uploads\/2015\/01\/fundament-vermessen-300x169.jpg 300w\" sizes=\"(max-width: 675px) 100vw, 675px\" \/><\/a><\/p>\n<p>Zwanzig Rohre werden im Boden versenkt und mit Beton ausgegossen &#8211; eine aufw\u00e4ndige Arbeit, mit der eine Baufirma beauftragt wurde.<\/p>\n<p><a href=\"https:\/\/www.gartenhaus.com\/magazin\/wp-content\/uploads\/2015\/01\/fundament-traeger.jpg\"><img decoding=\"async\" class=\"aligncenter size-full wp-image-1687\" src=\"https:\/\/www.gartenhaus.com\/magazin\/wp-content\/uploads\/2015\/01\/fundament-traeger.jpg\" alt=\"fundament-traeger\" width=\"675\" height=\"380\" srcset=\"https:\/\/www.gartenhaus.ch\/magazin\/wp-content\/uploads\/2015\/01\/fundament-traeger.jpg 675w, https:\/\/www.gartenhaus.ch\/magazin\/wp-content\/uploads\/2015\/01\/fundament-traeger-300x169.jpg 300w\" sizes=\"(max-width: 675px) 100vw, 675px\" \/><\/a><\/p>\n<h2>Der Holzboden entsteht<\/h2>\n<p>Das fertige Punktfundament aus beton-gef\u00fcllten Rohren wird die massiven Bodenbalken tragen&#8230;<\/p>\n<p><a href=\"https:\/\/www.gartenhaus.com\/magazin\/wp-content\/uploads\/2015\/01\/fundament-bodenbalken.jpg\"><img decoding=\"async\" class=\"aligncenter size-full wp-image-1690\" src=\"https:\/\/www.gartenhaus.com\/magazin\/wp-content\/uploads\/2015\/01\/fundament-bodenbalken.jpg\" alt=\"Fundament Bodenbalken\" width=\"675\" height=\"432\" srcset=\"https:\/\/www.gartenhaus.ch\/magazin\/wp-content\/uploads\/2015\/01\/fundament-bodenbalken.jpg 675w, https:\/\/www.gartenhaus.ch\/magazin\/wp-content\/uploads\/2015\/01\/fundament-bodenbalken-300x192.jpg 300w\" sizes=\"(max-width: 675px) 100vw, 675px\" \/><\/a><\/p>\n<p>&#8230;die jedoch mit einer Kunststoff-Folie &#171;unterf\u00fcttert&#187; werden, damit keine Feuchtigkeit von unten in den Holzboden dringen kann:<\/p>\n<p><a href=\"https:\/\/www.gartenhaus.com\/magazin\/wp-content\/uploads\/2015\/01\/fundament-plane.jpg\"><img decoding=\"async\" class=\"aligncenter size-full wp-image-1691\" src=\"https:\/\/www.gartenhaus.com\/magazin\/wp-content\/uploads\/2015\/01\/fundament-plane.jpg\" alt=\"Bodenplane zur Abdichtung\" width=\"675\" height=\"475\" srcset=\"https:\/\/www.gartenhaus.ch\/magazin\/wp-content\/uploads\/2015\/01\/fundament-plane.jpg 675w, https:\/\/www.gartenhaus.ch\/magazin\/wp-content\/uploads\/2015\/01\/fundament-plane-300x211.jpg 300w, https:\/\/www.gartenhaus.ch\/magazin\/wp-content\/uploads\/2015\/01\/fundament-plane-400x280.jpg 400w\" sizes=\"(max-width: 675px) 100vw, 675px\" \/><\/a><\/p>\n<p>Die Arbeiten schreiten z\u00fcgig voran:<\/p>\n<p><a href=\"https:\/\/www.gartenhaus.com\/magazin\/wp-content\/uploads\/2015\/01\/Holzbodenbalken.jpg\"><img decoding=\"async\" class=\"aligncenter size-full wp-image-1692\" src=\"https:\/\/www.gartenhaus.com\/magazin\/wp-content\/uploads\/2015\/01\/Holzbodenbalken.jpg\" alt=\"Bodenbalken auf Punktfundament\" width=\"675\" height=\"380\" srcset=\"https:\/\/www.gartenhaus.ch\/magazin\/wp-content\/uploads\/2015\/01\/Holzbodenbalken.jpg 675w, https:\/\/www.gartenhaus.ch\/magazin\/wp-content\/uploads\/2015\/01\/Holzbodenbalken-300x169.jpg 300w\" sizes=\"(max-width: 675px) 100vw, 675px\" \/><\/a><\/p>\n<p>Auf die Tragebalken werden nun die Bodenbretter aufgelegt und befestigt:<\/p>\n<p><a href=\"https:\/\/www.gartenhaus.com\/magazin\/wp-content\/uploads\/2015\/01\/bodenbretter.jpg\"><img decoding=\"async\" class=\"aligncenter size-full wp-image-1693\" src=\"https:\/\/www.gartenhaus.com\/magazin\/wp-content\/uploads\/2015\/01\/bodenbretter.jpg\" alt=\"Bodenbretter\" width=\"675\" height=\"421\" srcset=\"https:\/\/www.gartenhaus.ch\/magazin\/wp-content\/uploads\/2015\/01\/bodenbretter.jpg 675w, https:\/\/www.gartenhaus.ch\/magazin\/wp-content\/uploads\/2015\/01\/bodenbretter-300x187.jpg 300w\" sizes=\"(max-width: 675px) 100vw, 675px\" \/><\/a><\/p>\n<p>Der fertige Holzboden &#8211; man sieht, dass f\u00fcr den sp\u00e4teren Terrassenteil bereits besonders impr\u00e4gnierte Bodenbretter Verwendung fanden:<\/p>\n<p><a href=\"https:\/\/www.gartenhaus.com\/magazin\/wp-content\/uploads\/2015\/01\/gartenhaus-holzboden.jpg\"><img decoding=\"async\" class=\"aligncenter size-full wp-image-1694\" src=\"https:\/\/www.gartenhaus.com\/magazin\/wp-content\/uploads\/2015\/01\/gartenhaus-holzboden.jpg\" alt=\"Gartenhaus Holzboden\" width=\"675\" height=\"380\" srcset=\"https:\/\/www.gartenhaus.ch\/magazin\/wp-content\/uploads\/2015\/01\/gartenhaus-holzboden.jpg 675w, https:\/\/www.gartenhaus.ch\/magazin\/wp-content\/uploads\/2015\/01\/gartenhaus-holzboden-300x169.jpg 300w\" sizes=\"(max-width: 675px) 100vw, 675px\" \/><\/a><\/p>\n<h2>Das Gartenhaus wird aufgebaut<\/h2>\n<p>Verglichen mit dem aufwendigen Fundamentbau erweist sich der Aufbau des Gartenhauses als vergleichsweise leichte \u00dcbung. Passgenau werden die Blockbohlen zusammen gef\u00fcgt, die W\u00e4nde wachsen schnell heran:<\/p>\n<p><a href=\"https:\/\/www.gartenhaus.com\/magazin\/wp-content\/uploads\/2015\/01\/Gartenhausaufbau.jpg\"><img decoding=\"async\" class=\"aligncenter size-full wp-image-1695\" src=\"https:\/\/www.gartenhaus.com\/magazin\/wp-content\/uploads\/2015\/01\/Gartenhausaufbau.jpg\" alt=\"Gartenhausaufbau\" width=\"675\" height=\"452\" srcset=\"https:\/\/www.gartenhaus.ch\/magazin\/wp-content\/uploads\/2015\/01\/Gartenhausaufbau.jpg 675w, https:\/\/www.gartenhaus.ch\/magazin\/wp-content\/uploads\/2015\/01\/Gartenhausaufbau-300x201.jpg 300w\" sizes=\"(max-width: 675px) 100vw, 675px\" \/><\/a><\/p>\n<p>Nun nimmt das k\u00fcnftige Partyhaus schon richtig Gestalt an. Die gro\u00dfe integrierte Terrasse bietet viel Platz f\u00fcr fr\u00f6hliche Feiern und gem\u00fctliche Runden.<br \/>\n<a href=\"https:\/\/www.gartenhaus.com\/magazin\/wp-content\/uploads\/2015\/01\/gartenhausaufbau2.jpg\"><img decoding=\"async\" class=\"aligncenter size-full wp-image-1696\" src=\"https:\/\/www.gartenhaus.com\/magazin\/wp-content\/uploads\/2015\/01\/gartenhausaufbau2.jpg\" alt=\"Gartenhausaufbau\" width=\"675\" height=\"363\" srcset=\"https:\/\/www.gartenhaus.ch\/magazin\/wp-content\/uploads\/2015\/01\/gartenhausaufbau2.jpg 675w, https:\/\/www.gartenhaus.ch\/magazin\/wp-content\/uploads\/2015\/01\/gartenhausaufbau2-300x161.jpg 300w\" sizes=\"(max-width: 675px) 100vw, 675px\" \/><\/a><\/p>\n<p>Da nun der &#171;Rohbau&#187; steht, kann das Richtfest gefeiert werden:<\/p>\n<p><a href=\"https:\/\/www.gartenhaus.com\/magazin\/wp-content\/uploads\/2015\/01\/Richtfest.jpg\"><img decoding=\"async\" class=\"aligncenter size-full wp-image-1697\" src=\"https:\/\/www.gartenhaus.com\/magazin\/wp-content\/uploads\/2015\/01\/Richtfest.jpg\" alt=\"Richtfest\" width=\"675\" height=\"519\" srcset=\"https:\/\/www.gartenhaus.ch\/magazin\/wp-content\/uploads\/2015\/01\/Richtfest.jpg 675w, https:\/\/www.gartenhaus.ch\/magazin\/wp-content\/uploads\/2015\/01\/Richtfest-300x231.jpg 300w\" sizes=\"(max-width: 675px) 100vw, 675px\" \/><\/a><\/p>\n<p>Von einem Regenschauer, der die Feier unterbricht, l\u00e4sst sich Familie Veerhuis und Freunde die Laune nicht verderben!<\/p>\n<p><a href=\"https:\/\/www.gartenhaus.com\/magazin\/wp-content\/uploads\/2015\/01\/Regenschauer.jpg\"><img decoding=\"async\" class=\"aligncenter size-full wp-image-1698\" src=\"https:\/\/www.gartenhaus.com\/magazin\/wp-content\/uploads\/2015\/01\/Regenschauer.jpg\" alt=\"Regenschauer\" width=\"675\" height=\"505\" srcset=\"https:\/\/www.gartenhaus.ch\/magazin\/wp-content\/uploads\/2015\/01\/Regenschauer.jpg 675w, https:\/\/www.gartenhaus.ch\/magazin\/wp-content\/uploads\/2015\/01\/Regenschauer-300x224.jpg 300w\" sizes=\"(max-width: 675px) 100vw, 675px\" \/><\/a><\/p>\n<h2>Anstrich und Dachdeckung<\/h2>\n<p>Das &#171;naturbelassen&#187; gelieferte Gartenhaus bekommt nun einen sch\u00fctzenden Anstrich, eine honigfarbene Lasur, die die nat\u00fcrliche Struktur des Holzes noch durchscheinen l\u00e4sst.<\/p>\n<p><a href=\"https:\/\/www.gartenhaus.com\/magazin\/wp-content\/uploads\/2015\/01\/Gartenhaus-Anstrich.jpg\"><img decoding=\"async\" class=\"aligncenter size-full wp-image-1699\" src=\"https:\/\/www.gartenhaus.com\/magazin\/wp-content\/uploads\/2015\/01\/Gartenhaus-Anstrich.jpg\" alt=\"Gartenhaus Anstrich\" width=\"675\" height=\"380\" srcset=\"https:\/\/www.gartenhaus.ch\/magazin\/wp-content\/uploads\/2015\/01\/Gartenhaus-Anstrich.jpg 675w, https:\/\/www.gartenhaus.ch\/magazin\/wp-content\/uploads\/2015\/01\/Gartenhaus-Anstrich-300x169.jpg 300w\" sizes=\"(max-width: 675px) 100vw, 675px\" \/><\/a><\/p>\n<p>Das Dach wird mit attraktiven Bitumenschindeln in Hexagonalform gedeckt:<\/p>\n<p><a href=\"https:\/\/www.gartenhaus.com\/magazin\/wp-content\/uploads\/2015\/01\/dachdeckung.jpg\"><img decoding=\"async\" class=\"aligncenter size-full wp-image-1700\" src=\"https:\/\/www.gartenhaus.com\/magazin\/wp-content\/uploads\/2015\/01\/dachdeckung.jpg\" alt=\"Dachschindeln Gartenhaus\" width=\"675\" height=\"512\" srcset=\"https:\/\/www.gartenhaus.ch\/magazin\/wp-content\/uploads\/2015\/01\/dachdeckung.jpg 675w, https:\/\/www.gartenhaus.ch\/magazin\/wp-content\/uploads\/2015\/01\/dachdeckung-300x228.jpg 300w\" sizes=\"(max-width: 675px) 100vw, 675px\" \/><\/a><\/p>\n<p>Auch die Seitenw\u00e4nde bekommen ihre <a href=\"\/ratgeber\/gartenhaus\/farbbehandlung-fuer-gartenhaeuser\">Farbbehandlung<\/a>.<\/p>\n<p><a href=\"https:\/\/www.gartenhaus.com\/magazin\/wp-content\/uploads\/2015\/01\/gartenhaus-anstrich2.jpg\"><img decoding=\"async\" class=\"aligncenter size-full wp-image-1716\" src=\"https:\/\/www.gartenhaus.com\/magazin\/wp-content\/uploads\/2015\/01\/gartenhaus-anstrich2.jpg\" alt=\"Gartenhaus-Farbbehandlung\" width=\"675\" height=\"471\" srcset=\"https:\/\/www.gartenhaus.ch\/magazin\/wp-content\/uploads\/2015\/01\/gartenhaus-anstrich2.jpg 675w, https:\/\/www.gartenhaus.ch\/magazin\/wp-content\/uploads\/2015\/01\/gartenhaus-anstrich2-300x209.jpg 300w, https:\/\/www.gartenhaus.ch\/magazin\/wp-content\/uploads\/2015\/01\/gartenhaus-anstrich2-646x450.jpg 646w, https:\/\/www.gartenhaus.ch\/magazin\/wp-content\/uploads\/2015\/01\/gartenhaus-anstrich2-400x280.jpg 400w\" sizes=\"(max-width: 675px) 100vw, 675px\" \/><\/a><\/p>\n<p>Das Dach ist dicht, der Anstrich komplett &#8211; fertig ist die Laube!<\/p>\n<p><a href=\"https:\/\/www.gartenhaus.com\/magazin\/wp-content\/uploads\/2015\/01\/gartenhaus-mit-terrasse.jpg\"><img decoding=\"async\" class=\"aligncenter size-full wp-image-1701\" src=\"https:\/\/www.gartenhaus.com\/magazin\/wp-content\/uploads\/2015\/01\/gartenhaus-mit-terrasse.jpg\" alt=\"Gartenhaus mit Terrasse\" width=\"675\" height=\"380\" srcset=\"https:\/\/www.gartenhaus.ch\/magazin\/wp-content\/uploads\/2015\/01\/gartenhaus-mit-terrasse.jpg 675w, https:\/\/www.gartenhaus.ch\/magazin\/wp-content\/uploads\/2015\/01\/gartenhaus-mit-terrasse-300x169.jpg 300w\" sizes=\"(max-width: 675px) 100vw, 675px\" \/><\/a><\/p>\n<p>Nat\u00fcrlich kommt noch ein bisschen Ausstattung dazu: Mit der Regentonne wird das Wasser der Dachrinne gesammelt, ein Insektenhotel gibt Wildbienen eine Nisthilfe:<\/p>\n<p><a href=\"https:\/\/www.gartenhaus.com\/magazin\/wp-content\/uploads\/2015\/01\/regentonne-insektenhotel.jpg\"><img decoding=\"async\" class=\"aligncenter size-full wp-image-1710\" src=\"https:\/\/www.gartenhaus.com\/magazin\/wp-content\/uploads\/2015\/01\/regentonne-insektenhotel.jpg\" alt=\"Regentonne und Insektenhotel\" width=\"675\" height=\"589\" srcset=\"https:\/\/www.gartenhaus.ch\/magazin\/wp-content\/uploads\/2015\/01\/regentonne-insektenhotel.jpg 675w, https:\/\/www.gartenhaus.ch\/magazin\/wp-content\/uploads\/2015\/01\/regentonne-insektenhotel-300x262.jpg 300w\" sizes=\"(max-width: 675px) 100vw, 675px\" \/><\/a><\/p>\n<h2>Gartengestaltung rund ums Gartenhaus<\/h2>\n<p>Um trockenen Fu\u00dfes zum k\u00fcnftigen Partyhaus zu gelangen, braucht es einen festen Weg. Der entsteht hier gerade aus schweren Wegeplatten &#8211; und wer die herumschleppt, muss auch mal Pause machen und sich st\u00e4rken:<\/p>\n<p><a href=\"https:\/\/www.gartenhaus.com\/magazin\/wp-content\/uploads\/2015\/01\/Gartenweg.jpg\"><img decoding=\"async\" class=\"aligncenter size-full wp-image-1702\" src=\"https:\/\/www.gartenhaus.com\/magazin\/wp-content\/uploads\/2015\/01\/Gartenweg.jpg\" alt=\"Gartenweg\" width=\"675\" height=\"433\" srcset=\"https:\/\/www.gartenhaus.ch\/magazin\/wp-content\/uploads\/2015\/01\/Gartenweg.jpg 675w, https:\/\/www.gartenhaus.ch\/magazin\/wp-content\/uploads\/2015\/01\/Gartenweg-300x192.jpg 300w\" sizes=\"(max-width: 675px) 100vw, 675px\" \/><\/a><\/p>\n<p>Der neue Weg ist die Verl\u00e4ngerung des bereits vorhandenen Plattenwegs zum Wohnhaus, der hier von der Katze des Hauses majest\u00e4tisch bewacht wird:<\/p>\n<p><a href=\"https:\/\/www.gartenhaus.com\/magazin\/wp-content\/uploads\/2015\/01\/gartenweg2.jpg\"><img decoding=\"async\" class=\"aligncenter size-full wp-image-1703\" src=\"https:\/\/www.gartenhaus.com\/magazin\/wp-content\/uploads\/2015\/01\/gartenweg2.jpg\" alt=\"Gartenweg zum Haus\" width=\"675\" height=\"454\" srcset=\"https:\/\/www.gartenhaus.ch\/magazin\/wp-content\/uploads\/2015\/01\/gartenweg2.jpg 675w, https:\/\/www.gartenhaus.ch\/magazin\/wp-content\/uploads\/2015\/01\/gartenweg2-300x202.jpg 300w\" sizes=\"(max-width: 675px) 100vw, 675px\" \/><\/a><\/p>\n<p>Aus den farbigen Wegeplatten entsteht ein breiter Steinboden direkt vor dem Eingang zur Terrasse: dicht an dicht wurden die Platten auf einer Kiesschicht ausgelegt und festbetoniert.<\/p>\n<p><a href=\"https:\/\/www.gartenhaus.com\/magazin\/wp-content\/uploads\/2015\/01\/gartenhaus-terrasse.jpg\"><img decoding=\"async\" class=\"aligncenter size-full wp-image-1704\" src=\"https:\/\/www.gartenhaus.com\/magazin\/wp-content\/uploads\/2015\/01\/gartenhaus-terrasse.jpg\" alt=\"Gartenhaus-Terrasse\" width=\"675\" height=\"467\" srcset=\"https:\/\/www.gartenhaus.ch\/magazin\/wp-content\/uploads\/2015\/01\/gartenhaus-terrasse.jpg 675w, https:\/\/www.gartenhaus.ch\/magazin\/wp-content\/uploads\/2015\/01\/gartenhaus-terrasse-300x208.jpg 300w\" sizes=\"(max-width: 675px) 100vw, 675px\" \/><\/a><\/p>\n<h2>Gartenhaus wird Partyhaus: die Einrichtung<\/h2>\n<p>Durch die romanische Beleuchtung, die dunklen Edelholz-Gartenm\u00f6bel und erste K\u00fcbelpflanzen breitet sich auf der Terrasse in der Abendd\u00e4mmerung eine harmonisch-gem\u00fctliche Stimmung aus.<\/p>\n<p><a href=\"https:\/\/www.gartenhaus.com\/magazin\/wp-content\/uploads\/2015\/01\/Gartenhausterrasse.jpg\"><img decoding=\"async\" class=\"aligncenter size-full wp-image-1712\" src=\"https:\/\/www.gartenhaus.com\/magazin\/wp-content\/uploads\/2015\/01\/Gartenhausterrasse.jpg\" alt=\"Gartenhausterrasse\" width=\"675\" height=\"380\" srcset=\"https:\/\/www.gartenhaus.ch\/magazin\/wp-content\/uploads\/2015\/01\/Gartenhausterrasse.jpg 675w, https:\/\/www.gartenhaus.ch\/magazin\/wp-content\/uploads\/2015\/01\/Gartenhausterrasse-300x169.jpg 300w\" sizes=\"(max-width: 675px) 100vw, 675px\" \/><\/a><\/p>\n<p>Doch nun geht es auch drinnen zur Sache: Ein gro\u00dfformatiger Billardtisch wird im ger\u00e4umigen Gartenhaus aufgebaut.<\/p>\n<p><a href=\"https:\/\/www.gartenhaus.com\/magazin\/wp-content\/uploads\/2015\/01\/billardtisch.jpg\"><img decoding=\"async\" class=\"aligncenter size-full wp-image-1705\" src=\"https:\/\/www.gartenhaus.com\/magazin\/wp-content\/uploads\/2015\/01\/billardtisch.jpg\" alt=\"Billardtisch\" width=\"675\" height=\"379\" srcset=\"https:\/\/www.gartenhaus.ch\/magazin\/wp-content\/uploads\/2015\/01\/billardtisch.jpg 675w, https:\/\/www.gartenhaus.ch\/magazin\/wp-content\/uploads\/2015\/01\/billardtisch-300x168.jpg 300w\" sizes=\"(max-width: 675px) 100vw, 675px\" \/><\/a><\/p>\n<p>Und er ist wundersch\u00f6n geworden:<\/p>\n<p><a href=\"https:\/\/www.gartenhaus.com\/magazin\/wp-content\/uploads\/2015\/01\/Billardtisch2.jpg\"><img decoding=\"async\" class=\"aligncenter size-full wp-image-1706\" src=\"https:\/\/www.gartenhaus.com\/magazin\/wp-content\/uploads\/2015\/01\/Billardtisch2.jpg\" alt=\"Billardtisch\" width=\"675\" height=\"408\" srcset=\"https:\/\/www.gartenhaus.ch\/magazin\/wp-content\/uploads\/2015\/01\/Billardtisch2.jpg 675w, https:\/\/www.gartenhaus.ch\/magazin\/wp-content\/uploads\/2015\/01\/Billardtisch2-300x181.jpg 300w\" sizes=\"(max-width: 675px) 100vw, 675px\" \/><\/a><\/p>\n<p>Damit man beim Spiel auch gut sieht, muss auch die Beleuchtung stimmen:<\/p>\n<p><a href=\"https:\/\/www.gartenhaus.com\/magazin\/wp-content\/uploads\/2015\/01\/Lampen.jpg\"><img decoding=\"async\" class=\"aligncenter size-full wp-image-1707\" src=\"https:\/\/www.gartenhaus.com\/magazin\/wp-content\/uploads\/2015\/01\/Lampen.jpg\" alt=\"Lampen \u00fcber dem Billardtisch\" width=\"675\" height=\"380\" srcset=\"https:\/\/www.gartenhaus.ch\/magazin\/wp-content\/uploads\/2015\/01\/Lampen.jpg 675w, https:\/\/www.gartenhaus.ch\/magazin\/wp-content\/uploads\/2015\/01\/Lampen-300x169.jpg 300w\" sizes=\"(max-width: 675px) 100vw, 675px\" \/><\/a><\/p>\n<p>Ein gem\u00fctlicher Tresen komplettiert den Raum, der auch durch viele liebevoll gew\u00e4hlte Details an Atmosph\u00e4re gewinnt.<\/p>\n<p><a href=\"https:\/\/www.gartenhaus.com\/magazin\/wp-content\/uploads\/2015\/01\/thresen.jpg\"><img decoding=\"async\" class=\"aligncenter size-full wp-image-1708\" src=\"https:\/\/www.gartenhaus.com\/magazin\/wp-content\/uploads\/2015\/01\/thresen.jpg\" alt=\"Tresen\" width=\"675\" height=\"380\" srcset=\"https:\/\/www.gartenhaus.ch\/magazin\/wp-content\/uploads\/2015\/01\/thresen.jpg 675w, https:\/\/www.gartenhaus.ch\/magazin\/wp-content\/uploads\/2015\/01\/thresen-300x169.jpg 300w\" sizes=\"(max-width: 675px) 100vw, 675px\" \/><\/a><\/p>\n<p>F\u00fcr die Billardst\u00f6cke ist mit einer stilechten Ablage an der Wand gesorgt, Gl\u00e4ser h\u00e4ngen \u00fcber dem Tresen in luftiger H\u00f6he und auch f\u00fcr ein kleines Tischchen mit St\u00fchlen f\u00fcr Zuschauer ist noch Platz.<br \/>\n<a href=\"https:\/\/www.gartenhaus.com\/magazin\/wp-content\/uploads\/2015\/01\/partyhaus-details.jpg\"><img decoding=\"async\" class=\"aligncenter size-full wp-image-1709\" src=\"https:\/\/www.gartenhaus.com\/magazin\/wp-content\/uploads\/2015\/01\/partyhaus-details.jpg\" alt=\"Partyhaus Details\" width=\"675\" height=\"453\" srcset=\"https:\/\/www.gartenhaus.ch\/magazin\/wp-content\/uploads\/2015\/01\/partyhaus-details.jpg 675w, https:\/\/www.gartenhaus.ch\/magazin\/wp-content\/uploads\/2015\/01\/partyhaus-details-300x201.jpg 300w\" sizes=\"(max-width: 675px) 100vw, 675px\" \/><\/a><\/p>\n<p>Eine witzige und gleichzeitig n\u00fctzliche Idee ist die Schreibtafel an der Wand. Wahlweise kann sie den Spielstand festhalten oder Getr\u00e4nkepreise anzeigen, je nach Art der Veranstaltung&#8230;<\/p>\n<p><a href=\"https:\/\/www.gartenhaus.com\/magazin\/wp-content\/uploads\/2015\/01\/tafel.jpg\"><img decoding=\"async\" class=\"aligncenter size-full wp-image-1713\" src=\"https:\/\/www.gartenhaus.com\/magazin\/wp-content\/uploads\/2015\/01\/tafel.jpg\" alt=\"Schreibtafel\" width=\"675\" height=\"565\" srcset=\"https:\/\/www.gartenhaus.ch\/magazin\/wp-content\/uploads\/2015\/01\/tafel.jpg 675w, https:\/\/www.gartenhaus.ch\/magazin\/wp-content\/uploads\/2015\/01\/tafel-300x251.jpg 300w\" sizes=\"(max-width: 675px) 100vw, 675px\" \/><\/a><\/p>\n<p>Mittlerweile hat das Partyhaus der Familie Veerhuis schon viele Bew\u00e4hrungsproben hinter sich. Man kann darin auch wunderbar Weihnachten feiern &#8211; inmitten einer wundersch\u00f6nen Weihnachtsdeko:<\/p>\n<p><a href=\"https:\/\/www.gartenhaus.com\/magazin\/wp-content\/uploads\/2015\/01\/weihnachtsdeko-gartenhaus.jpg\"><img decoding=\"async\" class=\"aligncenter size-full wp-image-1714\" src=\"https:\/\/www.gartenhaus.com\/magazin\/wp-content\/uploads\/2015\/01\/weihnachtsdeko-gartenhaus.jpg\" alt=\"Weihnachtsdeko Gartenhaus\" width=\"675\" height=\"380\" srcset=\"https:\/\/www.gartenhaus.ch\/magazin\/wp-content\/uploads\/2015\/01\/weihnachtsdeko-gartenhaus.jpg 675w, https:\/\/www.gartenhaus.ch\/magazin\/wp-content\/uploads\/2015\/01\/weihnachtsdeko-gartenhaus-300x169.jpg 300w\" sizes=\"(max-width: 675px) 100vw, 675px\" \/><\/a><\/p>\n<p>Wer an diesem festlich geschm\u00fcckten Tresen sitzt, kann durch das breite Fenster dem rieselnden Schnee zuschauen &#8211; wenn er denn mal f\u00e4llt.<\/p>\n<p><a href=\"https:\/\/www.gartenhaus.com\/magazin\/wp-content\/uploads\/2015\/01\/weihnachtsdeko-gartenhaus2.jpg\"><img decoding=\"async\" class=\"aligncenter size-full wp-image-1715\" src=\"https:\/\/www.gartenhaus.com\/magazin\/wp-content\/uploads\/2015\/01\/weihnachtsdeko-gartenhaus2.jpg\" alt=\"Weihnachtsdeko am Tresen\" width=\"675\" height=\"425\" srcset=\"https:\/\/www.gartenhaus.ch\/magazin\/wp-content\/uploads\/2015\/01\/weihnachtsdeko-gartenhaus2.jpg 675w, https:\/\/www.gartenhaus.ch\/magazin\/wp-content\/uploads\/2015\/01\/weihnachtsdeko-gartenhaus2-300x189.jpg 300w\" sizes=\"(max-width: 675px) 100vw, 675px\" \/><\/a><\/p>\n<p>Wir begl\u00fcckw\u00fcnschen Familie Veerhuis zum gelungenen Projekt und w\u00fcnschen noch viele sch\u00f6ne Feste im wundersch\u00f6nen Partyhaus!<\/p>\n<p><a href=\"https:\/\/www.pinterest.de\/gartenhausgmbh\/die-besten-kundenprojekte\/\" data-pin-do=\"embedBoard\" data-pin-lang=\"de\" data-pin-board-width=\"824\" data-pin-scale-height=\"300\" data-pin-scale-width=\"145\">Kundenprojekte<\/a><\/p>\n<div class=\"shariff shariff-align-center shariff-widget-align-flex-start\" style=\"display:none\" data-services=\"facebook%7Cpinterest\" data-url=\"https%3A%2F%2Fwww.gartenhaus.ch%2Fmagazin%2Fein-gartenhaus-als-partyhaus-mit-billardtisch-und-theke-aufbau-foto-story%2F\" data-timestamp=\"1747921400\" data-hidezero=\"1\" data-backendurl=\"https:\/\/www.gartenhaus.ch\/magazin\/wp-json\/shariff\/v1\/share_counts?\"><div class=\"ShariffHeadline\">Teile diesen Beitrag<\/div><ul class=\"shariff-buttons theme-white orientation-horizontal buttonsize-medium\"><li class=\"shariff-button facebook shariff-nocustomcolor\" style=\"background-color:#4273c8\"><a href=\"https:\/\/www.facebook.com\/sharer\/sharer.php?u=https%3A%2F%2Fwww.gartenhaus.ch%2Fmagazin%2Fein-gartenhaus-als-partyhaus-mit-billardtisch-und-theke-aufbau-foto-story%2F\" title=\"Bei Facebook teilen\" aria-label=\"Bei Facebook teilen\" role=\"button\" rel=\"nofollow\" class=\"shariff-link\" style=\"; background-color:#3b5998; color:#3b5998\" target=\"_blank\"><span class=\"shariff-icon\" style=\"fill:#3b5998\"><svg width=\"32px\" height=\"20px\" xmlns=\"http:\/\/www.w3.org\/2000\/svg\" viewBox=\"0 0 18 32\"><path fill=\"#3b5998\" d=\"M17.1 0.2v4.7h-2.8q-1.5 0-2.1 0.6t-0.5 1.9v3.4h5.2l-0.7 5.3h-4.5v13.6h-5.5v-13.6h-4.5v-5.3h4.5v-3.9q0-3.3 1.9-5.2t5-1.8q2.6 0 4.1 0.2z\"\/><\/svg><\/span><span class=\"shariff-text\" style=\"color:#3b5998\">teilen<\/span>&nbsp;<span data-service=\"facebook\" style=\"color:#3b5998\" class=\"shariff-count shariff-hidezero\"><\/span>&nbsp;<\/a><\/li><li class=\"shariff-button twitter shariff-nocustomcolor\" style=\"background-color:#595959\"><a href=\"https:\/\/twitter.com\/share?url=https%3A%2F%2Fwww.gartenhaus.ch%2Fmagazin%2Fein-gartenhaus-als-partyhaus-mit-billardtisch-und-theke-aufbau-foto-story%2F&text=Ein%20Gartenhaus%20als%20Partyhaus%20mit%20Billardtisch%20und%20Theke%20%28Aufbau%20%2F%20Foto-Story%29\" title=\"Bei X teilen\" aria-label=\"Bei X teilen\" role=\"button\" rel=\"noopener nofollow\" class=\"shariff-link\" style=\"; background-color:#000; color:#000\" target=\"_blank\"><span class=\"shariff-icon\" style=\"fill:#000\"><svg width=\"32px\" height=\"20px\" xmlns=\"http:\/\/www.w3.org\/2000\/svg\" viewBox=\"0 0 24 24\"><path fill=\"#000\" d=\"M14.258 10.152L23.176 0h-2.113l-7.747 8.813L7.133 0H0l9.352 13.328L0 23.973h2.113l8.176-9.309 6.531 9.309h7.133zm-2.895 3.293l-.949-1.328L2.875 1.56h3.246l6.086 8.523.945 1.328 7.91 11.078h-3.246zm0 0\"\/><\/svg><\/span><span class=\"shariff-text\" style=\"color:#000\">teilen<\/span>&nbsp;<\/a><\/li><li class=\"shariff-button pinterest shariff-nocustomcolor\" style=\"background-color:#e70f18\"><a href=\"https:\/\/www.pinterest.com\/pin\/create\/link\/?url=https%3A%2F%2Fwww.gartenhaus.ch%2Fmagazin%2Fein-gartenhaus-als-partyhaus-mit-billardtisch-und-theke-aufbau-foto-story%2F&media=https%3A%2F%2Fwww.gartenhaus.ch%2Fmagazin%2Fwp-content%2Fuploads%2F2015%2F01%2Fpartyhaus-billardhaus.jpg&description=Ein%20Gartenhaus%20als%20Partyhaus%20mit%20Billardtisch%20und%20Theke%20%28Aufbau%20%2F%20Foto-Story%29\" title=\"Bei Pinterest pinnen\" aria-label=\"Bei Pinterest pinnen\" role=\"button\" rel=\"noopener nofollow\" class=\"shariff-link\" style=\"; background-color:#cb2027; color:#cb2027\" target=\"_blank\"><span class=\"shariff-icon\" style=\"fill:#cb2027\"><svg width=\"32px\" height=\"20px\" xmlns=\"http:\/\/www.w3.org\/2000\/svg\" viewBox=\"0 0 27 32\"><path fill=\"#cb2027\" d=\"M27.4 16q0 3.7-1.8 6.9t-5 5-6.9 1.9q-2 0-3.9-0.6 1.1-1.7 1.4-2.9 0.2-0.6 1-3.8 0.4 0.7 1.3 1.2t2 0.5q2.1 0 3.8-1.2t2.7-3.4 0.9-4.8q0-2-1.1-3.8t-3.1-2.9-4.5-1.2q-1.9 0-3.5 0.5t-2.8 1.4-2 2-1.2 2.3-0.4 2.4q0 1.9 0.7 3.3t2.1 2q0.5 0.2 0.7-0.4 0-0.1 0.1-0.5t0.2-0.5q0.1-0.4-0.2-0.8-0.9-1.1-0.9-2.7 0-2.7 1.9-4.6t4.9-2q2.7 0 4.2 1.5t1.5 3.8q0 3-1.2 5.2t-3.1 2.1q-1.1 0-1.7-0.8t-0.4-1.9q0.1-0.6 0.5-1.7t0.5-1.8 0.2-1.4q0-0.9-0.5-1.5t-1.4-0.6q-1.1 0-1.9 1t-0.8 2.6q0 1.3 0.4 2.2l-1.8 7.5q-0.3 1.2-0.2 3.2-3.7-1.6-6-5t-2.3-7.6q0-3.7 1.9-6.9t5-5 6.9-1.9 6.9 1.9 5 5 1.8 6.9z\"\/><\/svg><\/span><span class=\"shariff-text\" style=\"color:#cb2027\">merken<\/span>&nbsp;<span data-service=\"pinterest\" style=\"color:#cb2027\" class=\"shariff-count shariff-hidezero\"><\/span>&nbsp;<\/a><\/li><li class=\"shariff-button whatsapp shariff-nocustomcolor\" style=\"background-color:#5cbe4a\"><a href=\"https:\/\/api.whatsapp.com\/send?text=https%3A%2F%2Fwww.gartenhaus.ch%2Fmagazin%2Fein-gartenhaus-als-partyhaus-mit-billardtisch-und-theke-aufbau-foto-story%2F%20Ein%20Gartenhaus%20als%20Partyhaus%20mit%20Billardtisch%20und%20Theke%20%28Aufbau%20%2F%20Foto-Story%29\" title=\"Bei Whatsapp teilen\" aria-label=\"Bei Whatsapp teilen\" role=\"button\" rel=\"noopener nofollow\" class=\"shariff-link\" style=\"; background-color:#34af23; color:#34af23\" target=\"_blank\"><span class=\"shariff-icon\" style=\"fill:#34af23\"><svg width=\"32px\" height=\"20px\" xmlns=\"http:\/\/www.w3.org\/2000\/svg\" viewBox=\"0 0 32 32\"><path fill=\"#34af23\" d=\"M17.6 17.4q0.2 0 1.7 0.8t1.6 0.9q0 0.1 0 0.3 0 0.6-0.3 1.4-0.3 0.7-1.3 1.2t-1.8 0.5q-1 0-3.4-1.1-1.7-0.8-3-2.1t-2.6-3.3q-1.3-1.9-1.3-3.5v-0.1q0.1-1.6 1.3-2.8 0.4-0.4 0.9-0.4 0.1 0 0.3 0t0.3 0q0.3 0 0.5 0.1t0.3 0.5q0.1 0.4 0.6 1.6t0.4 1.3q0 0.4-0.6 1t-0.6 0.8q0 0.1 0.1 0.3 0.6 1.3 1.8 2.4 1 0.9 2.7 1.8 0.2 0.1 0.4 0.1 0.3 0 1-0.9t0.9-0.9zM14 26.9q2.3 0 4.3-0.9t3.6-2.4 2.4-3.6 0.9-4.3-0.9-4.3-2.4-3.6-3.6-2.4-4.3-0.9-4.3 0.9-3.6 2.4-2.4 3.6-0.9 4.3q0 3.6 2.1 6.6l-1.4 4.2 4.3-1.4q2.8 1.9 6.2 1.9zM14 2.2q2.7 0 5.2 1.1t4.3 2.9 2.9 4.3 1.1 5.2-1.1 5.2-2.9 4.3-4.3 2.9-5.2 1.1q-3.5 0-6.5-1.7l-7.4 2.4 2.4-7.2q-1.9-3.2-1.9-6.9 0-2.7 1.1-5.2t2.9-4.3 4.3-2.9 5.2-1.1z\"\/><\/svg><\/span><span class=\"shariff-text\" style=\"color:#34af23\">teilen<\/span>&nbsp;<\/a><\/li><li class=\"shariff-button rss shariff-nocustomcolor\" style=\"background-color:#ff8c00\"><a href=\"\/magazin\/feed\/\" title=\"RSS-feed\" aria-label=\"RSS-feed\" role=\"button\" class=\"shariff-link\" style=\"; background-color:#fe9312; color:#fe9312\" target=\"_blank\"><span class=\"shariff-icon\" style=\"fill:#fe9312\"><svg width=\"32px\" height=\"20px\" xmlns=\"http:\/\/www.w3.org\/2000\/svg\" viewBox=\"0 0 32 32\"><path fill=\"#fe9312\" d=\"M4.3 23.5c-2.3 0-4.3 1.9-4.3 4.3 0 2.3 1.9 4.2 4.3 4.2 2.4 0 4.3-1.9 4.3-4.2 0-2.3-1.9-4.3-4.3-4.3zM0 10.9v6.1c4 0 7.7 1.6 10.6 4.4 2.8 2.8 4.4 6.6 4.4 10.6h6.2c0-11.7-9.5-21.1-21.1-21.1zM0 0v6.1c14.2 0 25.8 11.6 25.8 25.9h6.2c0-17.6-14.4-32-32-32z\"\/><\/svg><\/span><span class=\"shariff-text\" style=\"color:#fe9312\">RSS-feed<\/span>&nbsp;<\/a><\/li><li class=\"shariff-button mailto shariff-nocustomcolor\" style=\"background-color:#a8a8a8\"><a href=\"mailto:?body=https%3A%2F%2Fwww.gartenhaus.ch%2Fmagazin%2Fein-gartenhaus-als-partyhaus-mit-billardtisch-und-theke-aufbau-foto-story%2F&subject=Ein%20Gartenhaus%20als%20Partyhaus%20mit%20Billardtisch%20und%20Theke%20%28Aufbau%20%2F%20Foto-Story%29\" title=\"Per E-Mail versenden\" aria-label=\"Per E-Mail versenden\" role=\"button\" rel=\"noopener nofollow\" class=\"shariff-link\" style=\"; background-color:#999; color:#999\"><span class=\"shariff-icon\" style=\"fill:#999\"><svg width=\"32px\" height=\"20px\" xmlns=\"http:\/\/www.w3.org\/2000\/svg\" viewBox=\"0 0 32 32\"><path fill=\"#999\" d=\"M32 12.7v14.2q0 1.2-0.8 2t-2 0.9h-26.3q-1.2 0-2-0.9t-0.8-2v-14.2q0.8 0.9 1.8 1.6 6.5 4.4 8.9 6.1 1 0.8 1.6 1.2t1.7 0.9 2 0.4h0.1q0.9 0 2-0.4t1.7-0.9 1.6-1.2q3-2.2 8.9-6.1 1-0.7 1.8-1.6zM32 7.4q0 1.4-0.9 2.7t-2.2 2.2q-6.7 4.7-8.4 5.8-0.2 0.1-0.7 0.5t-1 0.7-0.9 0.6-1.1 0.5-0.9 0.2h-0.1q-0.4 0-0.9-0.2t-1.1-0.5-0.9-0.6-1-0.7-0.7-0.5q-1.6-1.1-4.7-3.2t-3.6-2.6q-1.1-0.7-2.1-2t-1-2.5q0-1.4 0.7-2.3t2.1-0.9h26.3q1.2 0 2 0.8t0.9 2z\"\/><\/svg><\/span><span class=\"shariff-text\" style=\"color:#999\">E-Mail<\/span>&nbsp;<\/a><\/li><\/ul><\/div>","protected":false},"excerpt":{"rendered":"<p>Ein Wohnhaus und ein gro\u00dfer Garten &#8211; was fehlt da noch? Da Familie Veerhuis gerne feiert und gem\u00fctliche Stunden mit G\u00e4sten verbringt, sollte ein Partyhaus her. Wir zeigen Schritt f\u00fcr Schritt, wie das Gartenhaus Lappland-40 B diesem Wunsch entsprechend aufgebaut und eingerichtet wurde.<\/p>\n","protected":false},"author":3,"featured_media":18206,"comment_status":"closed","ping_status":"closed","sticky":false,"template":"","format":"standard","meta":{"footnotes":""},"categories":[5934],"tags":[5923,5927,5935,5936,5926],"class_list":["post-45210","post","type-post","status-publish","format-standard","has-post-thumbnail","hentry","category-originelle-gartenhaeuser","tag-aufbau","tag-einrichtung","tag-gartenhaeuser","tag-kundenprojekte","tag-terrassen"],"yoast_head":"<!-- This site is optimized with the Yoast SEO Premium plugin v15.0 - https:\/\/yoast.com\/wordpress\/plugins\/seo\/ -->\n<title>Ein Gartenhaus als Partyhaus - mit Billardtisch und Theke<\/title>\n<meta name=\"description\" content=\"Famili Veerhuis feiert gerne - in ihrem neuen Partyhaus. Wir zeigen Aufbau und Einrichtung des Gartenhauses Lappland-40 B mit gem\u00fctlicher Terrasse.\" \/>\n<meta name=\"robots\" content=\"index, follow, max-snippet:-1, max-image-preview:large, max-video-preview:-1\" \/>\n<link rel=\"canonical\" href=\"https:\/\/www.gartenhaus.ch\/magazin\/ein-gartenhaus-als-partyhaus-mit-billardtisch-und-theke-aufbau-foto-story\/\" \/>\n<meta property=\"og:locale\" content=\"de_DE\" \/>\n<meta property=\"og:type\" content=\"article\" \/>\n<meta property=\"og:title\" content=\"Ein Gartenhaus als Partyhaus - mit Billardtisch und Theke\" \/>\n<meta property=\"og:description\" content=\"Famili Veerhuis feiert gerne - in ihrem neuen Partyhaus. Wir zeigen Aufbau und Einrichtung des Gartenhauses Lappland-40 B mit gem\u00fctlicher Terrasse.\" \/>\n<meta property=\"og:url\" content=\"https:\/\/www.gartenhaus.ch\/magazin\/ein-gartenhaus-als-partyhaus-mit-billardtisch-und-theke-aufbau-foto-story\/\" \/>\n<meta property=\"og:site_name\" content=\"Gartenhaus.com Magazin\" \/>\n<meta property=\"article:published_time\" content=\"2015-01-06T11:01:56+00:00\" \/>\n<meta property=\"article:modified_time\" content=\"2025-05-22T11:43:20+00:00\" \/>\n<meta property=\"og:image\" content=\"https:\/\/www.gartenhaus.ch\/magazin\/wp-content\/uploads\/2015\/01\/partyhaus-billardhaus.jpg\" \/>\n\t<meta property=\"og:image:width\" content=\"675\" \/>\n\t<meta property=\"og:image:height\" content=\"515\" \/>\n<meta name=\"twitter:card\" content=\"summary\" \/>\n<script type=\"application\/ld+json\" class=\"yoast-schema-graph\">{\"@context\":\"https:\/\/schema.org\",\"@graph\":[{\"@type\":\"WebSite\",\"@id\":\"https:\/\/www.gartenhaus.ch\/magazin\/#website\",\"url\":\"https:\/\/www.gartenhaus.ch\/magazin\/\",\"name\":\"Gartenhaus.com Magazin\",\"description\":\"Dein Onlineshop rund um das Gartenhaus\",\"potentialAction\":[{\"@type\":\"SearchAction\",\"target\":\"https:\/\/www.gartenhaus.ch\/magazin\/?s={search_term_string}\",\"query-input\":\"required name=search_term_string\"}],\"inLanguage\":\"de-CH\"},{\"@type\":\"ImageObject\",\"@id\":\"https:\/\/www.gartenhaus.ch\/magazin\/ein-gartenhaus-als-partyhaus-mit-billardtisch-und-theke-aufbau-foto-story\/#primaryimage\",\"inLanguage\":\"de-CH\",\"url\":\"https:\/\/www.gartenhaus.ch\/magazin\/wp-content\/uploads\/2015\/01\/partyhaus-billardhaus.jpg\",\"width\":675,\"height\":515},{\"@type\":\"WebPage\",\"@id\":\"https:\/\/www.gartenhaus.ch\/magazin\/ein-gartenhaus-als-partyhaus-mit-billardtisch-und-theke-aufbau-foto-story\/#webpage\",\"url\":\"https:\/\/www.gartenhaus.ch\/magazin\/ein-gartenhaus-als-partyhaus-mit-billardtisch-und-theke-aufbau-foto-story\/\",\"name\":\"Ein Gartenhaus als Partyhaus - mit Billardtisch und Theke\",\"isPartOf\":{\"@id\":\"https:\/\/www.gartenhaus.ch\/magazin\/#website\"},\"primaryImageOfPage\":{\"@id\":\"https:\/\/www.gartenhaus.ch\/magazin\/ein-gartenhaus-als-partyhaus-mit-billardtisch-und-theke-aufbau-foto-story\/#primaryimage\"},\"datePublished\":\"2015-01-06T11:01:56+00:00\",\"dateModified\":\"2025-05-22T11:43:20+00:00\",\"author\":{\"@id\":\"https:\/\/www.gartenhaus.ch\/magazin\/#\/schema\/person\/704675e45f6141f524cacf02d730cb28\"},\"description\":\"Famili Veerhuis feiert gerne - in ihrem neuen Partyhaus. Wir zeigen Aufbau und Einrichtung des Gartenhauses Lappland-40 B mit gem\\u00fctlicher Terrasse.\",\"inLanguage\":\"de-CH\",\"potentialAction\":[{\"@type\":\"ReadAction\",\"target\":[\"https:\/\/www.gartenhaus.ch\/magazin\/ein-gartenhaus-als-partyhaus-mit-billardtisch-und-theke-aufbau-foto-story\/\"]}]},{\"@type\":\"Person\",\"@id\":\"https:\/\/www.gartenhaus.ch\/magazin\/#\/schema\/person\/704675e45f6141f524cacf02d730cb28\",\"name\":\"cklinger\",\"image\":{\"@type\":\"ImageObject\",\"@id\":\"https:\/\/www.gartenhaus.ch\/magazin\/#personlogo\",\"inLanguage\":\"de-CH\",\"url\":\"https:\/\/secure.gravatar.com\/avatar\/e4c3d8dac67486da0cdc2cade43fb0ea3d9d5e57ee4a0b1c3ecb36429acd2acd?s=96&d=identicon&r=g\",\"caption\":\"cklinger\"}}]}<\/script>\n<!-- \/ Yoast SEO Premium plugin. -->","_links":{"self":[{"href":"https:\/\/www.gartenhaus.ch\/magazin\/wp-json\/wp\/v2\/posts\/45210","targetHints":{"allow":["GET"]}}],"collection":[{"href":"https:\/\/www.gartenhaus.ch\/magazin\/wp-json\/wp\/v2\/posts"}],"about":[{"href":"https:\/\/www.gartenhaus.ch\/magazin\/wp-json\/wp\/v2\/types\/post"}],"author":[{"embeddable":true,"href":"https:\/\/www.gartenhaus.ch\/magazin\/wp-json\/wp\/v2\/users\/3"}],"replies":[{"embeddable":true,"href":"https:\/\/www.gartenhaus.ch\/magazin\/wp-json\/wp\/v2\/comments?post=45210"}],"version-history":[{"count":0,"href":"https:\/\/www.gartenhaus.ch\/magazin\/wp-json\/wp\/v2\/posts\/45210\/revisions"}],"wp:featuredmedia":[{"embeddable":true,"href":"https:\/\/www.gartenhaus.ch\/magazin\/wp-json\/wp\/v2\/media\/18206"}],"wp:attachment":[{"href":"https:\/\/www.gartenhaus.ch\/magazin\/wp-json\/wp\/v2\/media?parent=45210"}],"wp:term":[{"taxonomy":"category","embeddable":true,"href":"https:\/\/www.gartenhaus.ch\/magazin\/wp-json\/wp\/v2\/categories?post=45210"},{"taxonomy":"post_tag","embeddable":true,"href":"https:\/\/www.gartenhaus.ch\/magazin\/wp-json\/wp\/v2\/tags?post=45210"}],"curies":[{"name":"wp","href":"https:\/\/api.w.org\/{rel}","templated":true}]}}