{"id":45185,"date":"2015-02-03T10:05:53","date_gmt":"2015-02-03T09:05:53","guid":{"rendered":"https:\/\/www.gartenhaus.com\/magazin\/das-gartenhaus-als-wohnung-residieren-sie-im-gruenen\/"},"modified":"2025-12-15T15:46:49","modified_gmt":"2025-12-15T14:46:49","slug":"das-gartenhaus-als-wohnung-residieren-sie-im-gruenen","status":"publish","type":"post","link":"https:\/\/www.gartenhaus.ch\/magazin\/das-gartenhaus-als-wohnung-residieren-sie-im-gruenen\/","title":{"rendered":"Das Gartenhaus als Wohnung: So residierst du im Gr\u00fcnen!"},"content":{"rendered":"<p>Ein Gartenhaus dient h\u00e4ufig zur Aufbewahrung von Gartenger\u00e4ten. Doch immer mehr Leute gestalten ihr Holzh\u00e4uschen zur Wohnst\u00e4tte um \u2013 so wie Oliver S. Er wei\u00df, warum sich der Aufwand lohnt und worauf es beim Umbau ankommt. Wir haben mit Familie S. gesprochen.<!--more--><\/p>\n<p><a href=\"\/gartenhaeuser\"><img decoding=\"async\" class=\"alignnone size-full wp-image-48070\" src=\"https:\/\/www.gartenhaus.com\/magazin\/wp-content\/uploads\/2024\/06\/gh_gartenhaeuser_v2_824x170.jpg\" alt=\"Gartenh\u00e4user kaufen\" width=\"824\" height=\"170\" srcset=\"https:\/\/www.gartenhaus.ch\/magazin\/wp-content\/uploads\/2024\/06\/gh_gartenhaeuser_v2_824x170.jpg 824w, https:\/\/www.gartenhaus.ch\/magazin\/wp-content\/uploads\/2024\/06\/gh_gartenhaeuser_v2_824x170-300x62.jpg 300w, https:\/\/www.gartenhaus.ch\/magazin\/wp-content\/uploads\/2024\/06\/gh_gartenhaeuser_v2_824x170-768x158.jpg 768w\" sizes=\"(max-width: 824px) 100vw, 824px\" \/><\/a><\/p>\n<h2>Gartenhaus als Wohnraum \u2013 warum eigentlich nicht?<\/h2>\n<p>Wozu w\u00fcrdest du ein Gartenhaus verwenden? Zum Einlagern von Ger\u00e4tschaften und Gartenm\u00f6beln? Das w\u00e4ren die klassischen M\u00f6glichkeiten. Oder aber als R\u00fcckzugsort, als Hobbyraum, als Teehaus, <a href=\"\/magazin\/ein-gartenhaus-als-partyhaus-mit-billardtisch-und-theke-aufbau-foto-story\/\">als Party-Area<\/a>? Das w\u00e4ren kreative Varianten. Doch ein Gartenhaus kann sogar noch mehr sein!<\/p>\n<p>F\u00fcr <strong>Oliver S. <\/strong>ist das <a href=\"\/garten-und-freizeithaus-arizona-iso.html\">Gartenhaus Arizona 44<\/a> von Gartenhaus.com seit letztem Sommer seine erste eigene Wohnung. Vier Monate lang hat der 22-j\u00e4hrige Handwerker in Eigenregie an Inneneinrichtung und Ausstattung gearbeitet, dann thronte das neue Zuhause im elterlichen Garten.<\/p>\n<blockquote><p>\u201eEr hat sich ein eigenes kleines Reich geschaffen\u201c, sagt seine Mutter stolz.<\/p><\/blockquote>\n<figure id=\"attachment_1873\" aria-describedby=\"caption-attachment-1873\" style=\"width: 816px\" class=\"wp-caption alignnone\"><img decoding=\"async\" class=\"wp-image-1873 size-full\" src=\"\/magazin\/wp-content\/uploads\/2015\/02\/Familie-Schlottes-Gartenhaus-zum-Wohnen.jpg\" alt=\"Familie Schlottes Gartenhaus zum Wohnen\" width=\"816\" height=\"612\" srcset=\"https:\/\/www.gartenhaus.ch\/magazin\/wp-content\/uploads\/2015\/02\/Familie-Schlottes-Gartenhaus-zum-Wohnen.jpg 816w, https:\/\/www.gartenhaus.ch\/magazin\/wp-content\/uploads\/2015\/02\/Familie-Schlottes-Gartenhaus-zum-Wohnen-300x225.jpg 300w, https:\/\/www.gartenhaus.ch\/magazin\/wp-content\/uploads\/2015\/02\/Familie-Schlottes-Gartenhaus-zum-Wohnen-768x576.jpg 768w\" sizes=\"(max-width: 816px) 100vw, 816px\" \/><figcaption id=\"caption-attachment-1873\" class=\"wp-caption-text\">Familie S. Gartenhaus zum Wohnen<\/figcaption><\/figure>\n<p>Damit ist er nicht allein. Immer mehr Menschen finden Gefallen an dem Gedanken, ihr Gartenh\u00e4uschen in eine Wohnst\u00e4tte umzuwandeln. Und warum eigentlich nicht? Wer ein echtes Abenteuer sucht, dem wird <strong>ein Wochenende im rustikalen Flair<\/strong> einer H\u00fctte aus Naturholz gefallen. Oder ein <strong>gratis Sommerurlaub<\/strong>. Oder eben gleich das <strong>Namensschild samt Klingel und Briefkasten<\/strong> am Gartenhaus. Aber auch als eine Art <strong>Mini-Hotel<\/strong> <strong>f\u00fcr Besuche<\/strong> von z. B. Verwandten l\u00e4sst sich der Wohnraum nutzen.<\/p>\n<p>Bei Familie S. hatte die Gartenhaus-L\u00f6sung f\u00fcr den Sohnemann ganz praktische Gr\u00fcnde:<\/p>\n<blockquote><p>\u201eOlivers Zimmer wurde irgendwann einfach zu klein, aber in eine Mietwohnung umzuziehen, kam f\u00fcr ihn nicht in Frage. Die Idee, <strong>in einem Gartenhaus auf unserem Grundst\u00fcck<\/strong> zu wohnen, kam schon auf, als er ungef\u00e4hr 16 Jahre alt war. Da wir einen gro\u00dfen Garten haben und er nun endlich seinen eigenen Freiraum genie\u00dfen wollte, haben wir nach einiger Internetrecherche Gartenhaus.com im Internet gefunden. Das Gartenhaus Arizona 44 kam f\u00fcr ihn sofort in Frage; wegen den <strong>drei R\u00e4umen und des Schlafbodens<\/strong>.\u201c<\/p><\/blockquote>\n<p><img decoding=\"async\" class=\"wp-image-1866 size-full aligncenter\" src=\"\/magazin\/wp-content\/uploads\/2015\/02\/arizona.jpg\" alt=\"Gartenhaus Arizona\" width=\"656\" height=\"525\" srcset=\"https:\/\/www.gartenhaus.ch\/magazin\/wp-content\/uploads\/2015\/02\/arizona.jpg 656w, https:\/\/www.gartenhaus.ch\/magazin\/wp-content\/uploads\/2015\/02\/arizona-300x240.jpg 300w\" sizes=\"(max-width: 656px) 100vw, 656px\" \/><\/p>\n<h2>Im Garten wohnen \u2013 darf man das \u00fcberhaupt?<\/h2>\n<p>Doch wer den verlockenden Gedanken, im eigenen Gartenhaus zu wohnen, wirklich in die Tat umsetzen m\u00f6chte, wird schnell feststellen, dass einige H\u00fcrden auf ihn warten \u2013 nicht nur in handwerklicher Hinsicht. Zun\u00e4chst einmal muss man sich mit der <strong>deutschen B\u00fcrokratie<\/strong> auseinandersetzen. Denn mal eben fest im Gartenhaus einziehen, das ist rechtlich problematisch.<\/p>\n<p>Grunds\u00e4tzlich ist zu beachten, dass schon die Errichtung eines Gartenhauses unter Umst\u00e4nden einer <a href=\"\/ratgeber\/gartenhaus\/baugenehmigung\">Baugenehmigung<\/a> bedarf. Das h\u00e4ngt von den <strong>baurechtlichen Vorschriften<\/strong> des jeweiligen Bundeslandes bzw. der Gemeinde ab. Wenn du deine Gartenlaube als Wohnst\u00e4tte nutzen m\u00f6chtest, musst du aber in jedem Fall einen <strong>Antrag auf Umnutzung<\/strong> stellen. Bedenke dazu, dass alle Bauten mit Aufenthaltsraum, Feuerstelle und Toiletten in Deutschland genehmigungspflichtig sind und auch bez\u00fcglich D\u00e4mmung, Feuerschutz, Schallschutz und Entw\u00e4sserung den Bauvorschriften unterliegen.<\/p>\n<p><img decoding=\"async\" class=\"alignnone wp-image-1867 size-full\" src=\"\/magazin\/wp-content\/uploads\/2015\/02\/Stempel.jpg\" alt=\"Genehmigung, Stempel mit Aufdruck Genehmigung\" width=\"900\" height=\"598\" srcset=\"https:\/\/www.gartenhaus.ch\/magazin\/wp-content\/uploads\/2015\/02\/Stempel.jpg 824w, https:\/\/www.gartenhaus.ch\/magazin\/wp-content\/uploads\/2015\/02\/Stempel-300x199.jpg 300w, https:\/\/www.gartenhaus.ch\/magazin\/wp-content\/uploads\/2015\/02\/Stempel-830x551.jpg 830w, https:\/\/www.gartenhaus.ch\/magazin\/wp-content\/uploads\/2015\/02\/Stempel-768x510.jpg 768w\" sizes=\"(max-width: 900px) 100vw, 900px\" \/><\/p>\n<p>Ein Wochenende im Gartenh\u00e4uschen zu verbringen, ist in aller Regel v\u00f6llig unproblematisch. Ob du jedoch eine Genehmigung zum dauerhaften Wohnen im Garten erh\u00e4ltst, h\u00e4ngt vor allem vom <strong>Bebauungsplan der Gemeinde<\/strong> ab. Jeder Ort besitzt einen Grundriss f\u00fcr Wohn-, Gewerbe- und Erholungsgebiete. Wenn du dein Gartenhaus in einem Mischgebiet errichtest, also auf einer Wohnfl\u00e4che, die zugleich als Erholungsgebiet dient, hast du gute Chancen auf eine Bewilligung. Dar\u00fcber hinaus spielt die Erreichbarkeit hinsichtlich Infrastruktur eine Rolle, ebenso wie eine feste Adresse. Dein neues Zuhause braucht also eine eigene Hausnummer samt Briefkasten.<\/p>\n<div class=\"su-service\"><div class=\"su-service-title\" style=\"padding-left:46px;min-height:32px;line-height:32px\"><i class=\"sui sui-lightbulb-o\" style=\"font-size:32px;color:#ff0066\"><\/i> Unser Tipp<\/div><div class=\"su-service-content su-u-clearfix su-u-trim\" style=\"padding-left:46px\">Statte dem \u00f6rtlichen <strong>Bauamt so fr\u00fch wie m\u00f6glich<\/strong> einen Besuch ab und erkl\u00e4re dein Vorhaben. Dann bist du auf der sicheren Seite.<\/div><\/div>\n<p>Die rechtlichen H\u00fcrden musste auch Oliver S. bew\u00e4ltigen:<\/p>\n<blockquote><p>\u201eDas Genehmigungsverfahren hat sich ungef\u00e4hr <strong>zwei Monate<\/strong> hingezogen. Es war ziemlich aufwendig, da ein Architekt unterschreiben und ein <strong>genauer Plan<\/strong> erstellt werden musste, wie das Haus genutzt wird.\u201c<\/p><\/blockquote>\n<p>Doch am Ende klappte es und der junge Handwerker konnte sein Projekt in Angriff nehmen.<\/p>\n<h2>In 4 Schritten vom Gartenhaus zum Wohnhaus<\/h2>\n<p>Wenn man erst einmal die beh\u00f6rdliche Genehmigung in der Tasche hat, kann es losgehen. Wenn du noch nicht \u00fcber ein Gartenhaus verf\u00fcgst, kannst du das f\u00fcr dich passende aussuchen \u2013 so, wie es Oliver S. getan hat. Siehe dir doch einfach <a href=\"\/sonderangebote\/gartenhaeuser\">die Gartenh\u00e4user Sonderangebote in unserem Shop<\/a> an.<\/p>\n<h3>Fundament und Aufbau<\/h3>\n<p>Wichtig f\u00fcr ein dauerhaftes Wohnvergn\u00fcgen im Garten ist zun\u00e4chst ein <strong>solides <a href=\"\/ratgeber\/gartenhaus\/fundament-fuer-gartenhaus\">Fundament<\/a><\/strong> (das \u00fcbrigens auch genehmigungspflichtig ist). Anschlie\u00dfend kann das neue Gartenhaus errichtet werden. Mit den Gartenh\u00e4usern von Gartenhaus.com geht das in aller Regel unkompliziert vonstatten. Bei Familie S. dauerte der Aufbau nicht mehr als zwei Tage.<\/p>\n<p>Wir stehen dir jederzeit gerne mit Rat und Tat zur Seite und als zus\u00e4tzliche Hilfestellung verraten wir, <a href=\"\/magazin\/wie-baue-ich-ein-gartenhaus-muss-man-beachten\/\">welche h\u00e4ufigen Fehler du beim Aufbau vermeiden solltest<\/a>.<\/p>\n<p><img decoding=\"async\" class=\"aligncenter wp-image-1868 \" src=\"https:\/\/www.gartenhaus.com\/magazin\/wp-content\/uploads\/2015\/02\/fundament-gartenhaus.jpg\" alt=\"Fundament eines Gartenhauses\" width=\"766\" height=\"558\" srcset=\"https:\/\/www.gartenhaus.ch\/magazin\/wp-content\/uploads\/2015\/02\/fundament-gartenhaus.jpg 675w, https:\/\/www.gartenhaus.ch\/magazin\/wp-content\/uploads\/2015\/02\/fundament-gartenhaus-300x219.jpg 300w\" sizes=\"(max-width: 766px) 100vw, 766px\" \/><\/p>\n<h3>Grundversorgung<\/h3>\n<p>Steht die neue Residenz aus Naturholz, beginnt der Ausbau. Dabei solltest du bedenken: Wenn du in einem Gartenhaus wohnen m\u00f6chtest, muss es nat\u00fcrlich \u00fcber die gleiche Ausstattung verf\u00fcgen, wie ein \u201enormales\u201c Haus, also \u00fcber Heizung, Licht, K\u00fccheneinrichtung, WC, Dusche usw. Dazu braucht es <strong>Strom<\/strong> und eine <strong>(Warm-)Wasserversorgung<\/strong>. Da die Laube aber ohnehin auf dem eigenen Grundst\u00fcck steht und damit in Reichweite der <strong>Hausanschl\u00fcsse<\/strong>, gestaltet sich die Aufr\u00fcstung gar nicht so schwierig. \u201eVon den bestehenden Anschl\u00fcssen wurden einfach Stromkabel und Wasserrohre unterirdisch bis unter die Bodenplatte verlegt und dort nach oben gef\u00fchrt\u201c, erkl\u00e4rt Frau S. \u201eDas waren ungef\u00e4hr 25 Meter. Die Versorgung mit Warmwasser erfolgt mithilfe eines <strong>Durchlauferhitzers<\/strong>. Als Heizung dient ein <strong>Ofen<\/strong>, dessen Abluft durch einen Edelstahl-Au\u00dfenschornstein abgef\u00fchrt wird.\u201c<\/p>\n<div class=\"su-service\"><div class=\"su-service-title\" style=\"padding-left:46px;min-height:32px;line-height:32px\"><i class=\"sui sui-lightbulb-o\" style=\"font-size:32px;color:#ff0066\"><\/i> Unser Tipp<\/div><div class=\"su-service-content su-u-clearfix su-u-trim\" style=\"padding-left:46px\">\u00dcbrigens sind auch <strong>Pelletheizungen<\/strong> momentan ziemlich in Mode. Wenn du dir hinsichtlich der Rechtm\u00e4\u00dfigkeit deiner Heizung nicht sicher bist, ziehe einen Schornsteinfeger zurate.<\/div><\/div>\n<h3>Ausstattung<\/h3>\n<p><img decoding=\"async\" class=\"aligncenter wp-image-1869 \" src=\"https:\/\/www.gartenhaus.com\/magazin\/wp-content\/uploads\/2015\/02\/Bad.jpg\" alt=\"Bad im Gartenhaus\" width=\"509\" height=\"679\" srcset=\"https:\/\/www.gartenhaus.ch\/magazin\/wp-content\/uploads\/2015\/02\/Bad.jpg 612w, https:\/\/www.gartenhaus.ch\/magazin\/wp-content\/uploads\/2015\/02\/Bad-225x300.jpg 225w\" sizes=\"(max-width: 509px) 100vw, 509px\" \/><\/p>\n<p>Nun m\u00fcssen die Kabel im Haus verlegt und die sanit\u00e4ren Anlagen installiert werden. Tipps und Tricks dazu findest du im Internet reichlich, <a href=\"http:\/\/www.derselbermacher.de\/bauen\/blockhaus\/kabel_verlegen.php\" target=\"_blank\" rel=\"noopener\">zum Beispiel hier<\/a>. Was du jedoch bei der Ausstattung deines Gartenhauses immer im Hinterkopf behalten musst, ist die Tatsache, dass du mit Holz werkelst. <strong>Holz arbeitet<\/strong>, es kann also seine Substanz ver\u00e4ndern. Darauf musste auch Familie S. R\u00fccksicht nehmen:<\/p>\n<blockquote><p>\u201eDer Wandaufbau im Bad mit Rigipsplatten gestaltete sich etwas schwierig, da beide Au\u00dfenw\u00e4nde arbeiten. Man muss also aufpassen, dass <strong>keine Spannungen<\/strong> entstehen, durch die die <strong>Fliesen sp\u00e4ter rei\u00dfen<\/strong> k\u00f6nnten.\u201c<\/p><\/blockquote>\n<p>Dieses Problem l\u00f6ste Oliver S. schlie\u00dflich mit einer freistehenden Holzst\u00e4nderkonstruktion. So k\u00f6nnen die W\u00e4nde getrennt voneinander arbeiten.<\/p>\n<p>Stichwort W\u00e4nde: Gerade, wenn du auch in kalten Monaten im Gartenhaus residieren m\u00f6chtest, solltest du \u00fcber eine <strong>D\u00e4mmung der W\u00e4nde, Fenster und T\u00fcren<\/strong> nachdenken. Das h\u00e4lt nicht nur die W\u00e4rme im H\u00e4uschen, sondern sch\u00fctzt auch gegen Schimmel. Bei der <a href=\"\/ratgeber\/gartenhaus\/gartenhaus-isolieren\">Isolation<\/a> gibt es aber einige Dinge zu beachten, wie etwa die sogenannte Dampf- und auch die Feuchtigkeitssperre.<\/p>\n<h3>Inneneinrichtung<\/h3>\n<p>Wenn die Kabel verlegt, die sanit\u00e4ren Anlagen installiert und wom\u00f6glich auch die W\u00e4nde isoliert sind, geht es an die <a href=\"\/ratgeber\/gartenhaus\/einrichten\">Inneneinrichtung<\/a>. Hier kannst du \u2013 genauso wie im normalen Wohnhaus \u2013 deiner Kreativit\u00e4t freien Lauf lassen.<\/p>\n<p><img decoding=\"async\" class=\"wp-image-1870 size-full aligncenter\" src=\"\/magazin\/wp-content\/uploads\/2015\/02\/K\u00fcche.jpg\" alt=\"K\u00fcche im Gartenhaus\" width=\"816\" height=\"612\" srcset=\"https:\/\/www.gartenhaus.ch\/magazin\/wp-content\/uploads\/2015\/02\/K\u00fcche.jpg 816w, https:\/\/www.gartenhaus.ch\/magazin\/wp-content\/uploads\/2015\/02\/K\u00fcche-300x225.jpg 300w, https:\/\/www.gartenhaus.ch\/magazin\/wp-content\/uploads\/2015\/02\/K\u00fcche-768x576.jpg 768w\" sizes=\"(max-width: 816px) 100vw, 816px\" \/><\/p>\n<p>Bei K\u00fcchenauswahl, Schlafzimmergestaltung und Einrichtung des Wohnbereichs kannst du dich nach Belieben austoben.<\/p>\n<p>Wir haben dar\u00fcber hinaus noch ein paar Tipps:<\/p>\n<ul>\n<li>Rattanm\u00f6bel schaffen echtes Landhaus-Flair<\/li>\n<li>G\u00f6nne dir den Luxus einer Terrasse vor dem Gartenhaus<\/li>\n<li>Kerzen und Windlichter schaffen eine behagliche Atmosph\u00e4re<\/li>\n<li>Solarzeellen auf dem Dach k\u00f6nnen den Stromanschluss ersetzen<\/li>\n<li>Pflanzen sind der ideale Schmuck f\u00fcr ein Holzh\u00e4uschen<\/li>\n<li>Einfach mal faul sein &#8211; in einer H\u00e4ngematte<\/li>\n<\/ul>\n<p>Weitere <strong>Einrichtungstipps<\/strong> findest du auch in unserem Magazin.<\/p>\n<p>Zum Schluss noch ein ganz wichtiger Hinweis: Wenn du dein Gartenhaus zu deiner neuen Wohnung machst, solltest du es auch entsprechend sichern. Denke also rechtzeitig an <strong>T\u00fcrschl\u00f6sser und Fenstersicherungen<\/strong>! Dann ist die Freude am neuen Zuhause auch dauerhaft garantiert.<\/p>\n<p>Freude hat \u00fcbrigens auch Oliver S. an seinem fertigen Garten- bzw. Wohnhaus.<\/p>\n<blockquote><p>\u201eEs war eine gro\u00dfe Herausforderung f\u00fcr ihn, den Innenausbau selbst vorzunehmen\u201c, sagt seine Mutter. \u201eEine manchmal sehr anstrengende Zeit, in der er aber auch <strong>viel dazu gelernt<\/strong> hat. Und letztendlich hat sich der Aufwand f\u00fcr ihn gelohnt, da sein Haus wirklich total gem\u00fctlich ist und er sich sehr wohl darin f\u00fchlt. Sein <strong>eigenes kleines Reich<\/strong>.\u201c<\/p><\/blockquote>\n<p>Wir freuen uns riesig, dass auch wir unseren Beitrag zu diesem tollen Projekt leisten konnten, und bedanken uns herzlich f\u00fcr den Einblick, den Familie S. uns gew\u00e4hrt hat!<\/p>\n<div class=\"su-service\"><div class=\"su-service-title\" style=\"padding-left:46px;min-height:32px;line-height:32px\"><i class=\"sui sui-star\" style=\"font-size:32px;color:#ff0066\"><\/i> Du hast nun auch Lust bekommen auf ein Gartenhaus?<\/div><div class=\"su-service-content su-u-clearfix su-u-trim\" style=\"padding-left:46px\"> St\u00f6bere direkt bei uns im Onlineshop nach deinem pers\u00f6nlichen <a href=\"\/gartenhaeuser\">Gartenhaus<\/a> als Wohnung!<\/div><\/div>\n<p>***<\/p>\n<p><small>Titelbild: \u00a9Ilona S.<br \/>\n<\/small><small>Artikelbilder: Bild 2: \u00a9Ilona S.; <\/small><small>Bild 3: \u00a9Gartenhaus.com; <\/small><small>Bild 4: \u00a9 iStock\/filmfoto; <\/small><small>Bild 5: \u00a9Gartenhaus.com; <\/small><small>Bild 6-7: \u00a9Ilona S.<\/small><\/p>\n<p><a href=\"https:\/\/www.pinterest.de\/gartenhausgmbh\/die-besten-kundenprojekte\/\" data-pin-do=\"embedBoard\" data-pin-lang=\"de\" data-pin-board-width=\"824\" data-pin-scale-height=\"300\" data-pin-scale-width=\"145\">Kundenprojekte<\/a><\/p>\n<div class=\"shariff shariff-align-center shariff-widget-align-flex-start\" style=\"display:none\" data-services=\"facebook%7Cpinterest\" data-url=\"https%3A%2F%2Fwww.gartenhaus.ch%2Fmagazin%2Fdas-gartenhaus-als-wohnung-residieren-sie-im-gruenen%2F\" data-timestamp=\"1765813609\" data-hidezero=\"1\" data-backendurl=\"https:\/\/www.gartenhaus.ch\/magazin\/wp-json\/shariff\/v1\/share_counts?\"><div class=\"ShariffHeadline\">Teile diesen Beitrag<\/div><ul class=\"shariff-buttons theme-white orientation-horizontal buttonsize-medium\"><li class=\"shariff-button facebook shariff-nocustomcolor\" style=\"background-color:#4273c8\"><a href=\"https:\/\/www.facebook.com\/sharer\/sharer.php?u=https%3A%2F%2Fwww.gartenhaus.ch%2Fmagazin%2Fdas-gartenhaus-als-wohnung-residieren-sie-im-gruenen%2F\" title=\"Bei Facebook teilen\" aria-label=\"Bei Facebook teilen\" role=\"button\" rel=\"nofollow\" class=\"shariff-link\" style=\"; background-color:#3b5998; color:#3b5998\" target=\"_blank\"><span class=\"shariff-icon\" style=\"fill:#3b5998\"><svg width=\"32px\" height=\"20px\" xmlns=\"http:\/\/www.w3.org\/2000\/svg\" viewBox=\"0 0 18 32\"><path fill=\"#3b5998\" d=\"M17.1 0.2v4.7h-2.8q-1.5 0-2.1 0.6t-0.5 1.9v3.4h5.2l-0.7 5.3h-4.5v13.6h-5.5v-13.6h-4.5v-5.3h4.5v-3.9q0-3.3 1.9-5.2t5-1.8q2.6 0 4.1 0.2z\"\/><\/svg><\/span><span class=\"shariff-text\" style=\"color:#3b5998\">teilen<\/span>&nbsp;<span data-service=\"facebook\" style=\"color:#3b5998\" class=\"shariff-count shariff-hidezero\"><\/span>&nbsp;<\/a><\/li><li class=\"shariff-button twitter shariff-nocustomcolor\" style=\"background-color:#595959\"><a href=\"https:\/\/twitter.com\/share?url=https%3A%2F%2Fwww.gartenhaus.ch%2Fmagazin%2Fdas-gartenhaus-als-wohnung-residieren-sie-im-gruenen%2F&text=Das%20Gartenhaus%20als%20Wohnung%3A%20So%20residierst%20du%20im%20Gr%C3%BCnen%21\" title=\"Bei X teilen\" aria-label=\"Bei X teilen\" role=\"button\" rel=\"noopener nofollow\" class=\"shariff-link\" style=\"; background-color:#000; color:#000\" target=\"_blank\"><span class=\"shariff-icon\" style=\"fill:#000\"><svg width=\"32px\" height=\"20px\" xmlns=\"http:\/\/www.w3.org\/2000\/svg\" viewBox=\"0 0 24 24\"><path fill=\"#000\" d=\"M14.258 10.152L23.176 0h-2.113l-7.747 8.813L7.133 0H0l9.352 13.328L0 23.973h2.113l8.176-9.309 6.531 9.309h7.133zm-2.895 3.293l-.949-1.328L2.875 1.56h3.246l6.086 8.523.945 1.328 7.91 11.078h-3.246zm0 0\"\/><\/svg><\/span><span class=\"shariff-text\" style=\"color:#000\">teilen<\/span>&nbsp;<\/a><\/li><li class=\"shariff-button pinterest shariff-nocustomcolor\" style=\"background-color:#e70f18\"><a href=\"https:\/\/www.pinterest.com\/pin\/create\/link\/?url=https%3A%2F%2Fwww.gartenhaus.ch%2Fmagazin%2Fdas-gartenhaus-als-wohnung-residieren-sie-im-gruenen%2F&media=https%3A%2F%2Fwww.gartenhaus.ch%2Fmagazin%2Fwp-content%2Fuploads%2F2015%2F02%2FGartenhaus.jpg&description=Das%20Gartenhaus%20als%20Wohnung%3A%20So%20residierst%20du%20im%20Gr%C3%BCnen%21\" title=\"Bei Pinterest pinnen\" aria-label=\"Bei Pinterest pinnen\" role=\"button\" rel=\"noopener nofollow\" class=\"shariff-link\" style=\"; background-color:#cb2027; color:#cb2027\" target=\"_blank\"><span class=\"shariff-icon\" style=\"fill:#cb2027\"><svg width=\"32px\" height=\"20px\" xmlns=\"http:\/\/www.w3.org\/2000\/svg\" viewBox=\"0 0 27 32\"><path fill=\"#cb2027\" d=\"M27.4 16q0 3.7-1.8 6.9t-5 5-6.9 1.9q-2 0-3.9-0.6 1.1-1.7 1.4-2.9 0.2-0.6 1-3.8 0.4 0.7 1.3 1.2t2 0.5q2.1 0 3.8-1.2t2.7-3.4 0.9-4.8q0-2-1.1-3.8t-3.1-2.9-4.5-1.2q-1.9 0-3.5 0.5t-2.8 1.4-2 2-1.2 2.3-0.4 2.4q0 1.9 0.7 3.3t2.1 2q0.5 0.2 0.7-0.4 0-0.1 0.1-0.5t0.2-0.5q0.1-0.4-0.2-0.8-0.9-1.1-0.9-2.7 0-2.7 1.9-4.6t4.9-2q2.7 0 4.2 1.5t1.5 3.8q0 3-1.2 5.2t-3.1 2.1q-1.1 0-1.7-0.8t-0.4-1.9q0.1-0.6 0.5-1.7t0.5-1.8 0.2-1.4q0-0.9-0.5-1.5t-1.4-0.6q-1.1 0-1.9 1t-0.8 2.6q0 1.3 0.4 2.2l-1.8 7.5q-0.3 1.2-0.2 3.2-3.7-1.6-6-5t-2.3-7.6q0-3.7 1.9-6.9t5-5 6.9-1.9 6.9 1.9 5 5 1.8 6.9z\"\/><\/svg><\/span><span class=\"shariff-text\" style=\"color:#cb2027\">merken<\/span>&nbsp;<span data-service=\"pinterest\" style=\"color:#cb2027\" class=\"shariff-count shariff-hidezero\"><\/span>&nbsp;<\/a><\/li><li class=\"shariff-button whatsapp shariff-nocustomcolor\" style=\"background-color:#5cbe4a\"><a href=\"https:\/\/api.whatsapp.com\/send?text=https%3A%2F%2Fwww.gartenhaus.ch%2Fmagazin%2Fdas-gartenhaus-als-wohnung-residieren-sie-im-gruenen%2F%20Das%20Gartenhaus%20als%20Wohnung%3A%20So%20residierst%20du%20im%20Gr%C3%BCnen%21\" title=\"Bei Whatsapp teilen\" aria-label=\"Bei Whatsapp teilen\" role=\"button\" rel=\"noopener nofollow\" class=\"shariff-link\" style=\"; background-color:#34af23; color:#34af23\" target=\"_blank\"><span class=\"shariff-icon\" style=\"fill:#34af23\"><svg width=\"32px\" height=\"20px\" xmlns=\"http:\/\/www.w3.org\/2000\/svg\" viewBox=\"0 0 32 32\"><path fill=\"#34af23\" d=\"M17.6 17.4q0.2 0 1.7 0.8t1.6 0.9q0 0.1 0 0.3 0 0.6-0.3 1.4-0.3 0.7-1.3 1.2t-1.8 0.5q-1 0-3.4-1.1-1.7-0.8-3-2.1t-2.6-3.3q-1.3-1.9-1.3-3.5v-0.1q0.1-1.6 1.3-2.8 0.4-0.4 0.9-0.4 0.1 0 0.3 0t0.3 0q0.3 0 0.5 0.1t0.3 0.5q0.1 0.4 0.6 1.6t0.4 1.3q0 0.4-0.6 1t-0.6 0.8q0 0.1 0.1 0.3 0.6 1.3 1.8 2.4 1 0.9 2.7 1.8 0.2 0.1 0.4 0.1 0.3 0 1-0.9t0.9-0.9zM14 26.9q2.3 0 4.3-0.9t3.6-2.4 2.4-3.6 0.9-4.3-0.9-4.3-2.4-3.6-3.6-2.4-4.3-0.9-4.3 0.9-3.6 2.4-2.4 3.6-0.9 4.3q0 3.6 2.1 6.6l-1.4 4.2 4.3-1.4q2.8 1.9 6.2 1.9zM14 2.2q2.7 0 5.2 1.1t4.3 2.9 2.9 4.3 1.1 5.2-1.1 5.2-2.9 4.3-4.3 2.9-5.2 1.1q-3.5 0-6.5-1.7l-7.4 2.4 2.4-7.2q-1.9-3.2-1.9-6.9 0-2.7 1.1-5.2t2.9-4.3 4.3-2.9 5.2-1.1z\"\/><\/svg><\/span><span class=\"shariff-text\" style=\"color:#34af23\">teilen<\/span>&nbsp;<\/a><\/li><li class=\"shariff-button rss shariff-nocustomcolor\" style=\"background-color:#ff8c00\"><a href=\"\/magazin\/feed\/\" title=\"RSS-feed\" aria-label=\"RSS-feed\" role=\"button\" class=\"shariff-link\" style=\"; background-color:#fe9312; color:#fe9312\" target=\"_blank\"><span class=\"shariff-icon\" style=\"fill:#fe9312\"><svg width=\"32px\" height=\"20px\" xmlns=\"http:\/\/www.w3.org\/2000\/svg\" viewBox=\"0 0 32 32\"><path fill=\"#fe9312\" d=\"M4.3 23.5c-2.3 0-4.3 1.9-4.3 4.3 0 2.3 1.9 4.2 4.3 4.2 2.4 0 4.3-1.9 4.3-4.2 0-2.3-1.9-4.3-4.3-4.3zM0 10.9v6.1c4 0 7.7 1.6 10.6 4.4 2.8 2.8 4.4 6.6 4.4 10.6h6.2c0-11.7-9.5-21.1-21.1-21.1zM0 0v6.1c14.2 0 25.8 11.6 25.8 25.9h6.2c0-17.6-14.4-32-32-32z\"\/><\/svg><\/span><span class=\"shariff-text\" style=\"color:#fe9312\">RSS-feed<\/span>&nbsp;<\/a><\/li><li class=\"shariff-button mailto shariff-nocustomcolor\" style=\"background-color:#a8a8a8\"><a href=\"mailto:?body=https%3A%2F%2Fwww.gartenhaus.ch%2Fmagazin%2Fdas-gartenhaus-als-wohnung-residieren-sie-im-gruenen%2F&subject=Das%20Gartenhaus%20als%20Wohnung%3A%20So%20residierst%20du%20im%20Gr%C3%BCnen%21\" title=\"Per E-Mail versenden\" aria-label=\"Per E-Mail versenden\" role=\"button\" rel=\"noopener nofollow\" class=\"shariff-link\" style=\"; background-color:#999; color:#999\"><span class=\"shariff-icon\" style=\"fill:#999\"><svg width=\"32px\" height=\"20px\" xmlns=\"http:\/\/www.w3.org\/2000\/svg\" viewBox=\"0 0 32 32\"><path fill=\"#999\" d=\"M32 12.7v14.2q0 1.2-0.8 2t-2 0.9h-26.3q-1.2 0-2-0.9t-0.8-2v-14.2q0.8 0.9 1.8 1.6 6.5 4.4 8.9 6.1 1 0.8 1.6 1.2t1.7 0.9 2 0.4h0.1q0.9 0 2-0.4t1.7-0.9 1.6-1.2q3-2.2 8.9-6.1 1-0.7 1.8-1.6zM32 7.4q0 1.4-0.9 2.7t-2.2 2.2q-6.7 4.7-8.4 5.8-0.2 0.1-0.7 0.5t-1 0.7-0.9 0.6-1.1 0.5-0.9 0.2h-0.1q-0.4 0-0.9-0.2t-1.1-0.5-0.9-0.6-1-0.7-0.7-0.5q-1.6-1.1-4.7-3.2t-3.6-2.6q-1.1-0.7-2.1-2t-1-2.5q0-1.4 0.7-2.3t2.1-0.9h26.3q1.2 0 2 0.8t0.9 2z\"\/><\/svg><\/span><span class=\"shariff-text\" style=\"color:#999\">E-Mail<\/span>&nbsp;<\/a><\/li><\/ul><\/div>","protected":false},"excerpt":{"rendered":"<p>Ein Gartenhaus dient h\u00e4ufig zur Aufbewahrung von Gartenger\u00e4ten. Doch immer mehr Leute gestalten ihr Holzh\u00e4uschen zur Wohnst\u00e4tte um \u2013 so wie Oliver S. Er wei\u00df, warum sich der Aufwand lohnt und worauf es beim Umbau ankommt. Wir haben mit Familie S. gesprochen.<\/p>\n","protected":false},"author":2,"featured_media":18504,"comment_status":"closed","ping_status":"closed","sticky":false,"template":"","format":"standard","meta":{"footnotes":""},"categories":[5922],"tags":[5923,5924,5927,5935,5936],"class_list":["post-45185","post","type-post","status-publish","format-standard","has-post-thumbnail","hentry","category-aufbau-wissen","tag-aufbau","tag-baugenehmigung","tag-einrichtung","tag-gartenhaeuser","tag-kundenprojekte"],"yoast_head":"<!-- This site is optimized with the Yoast SEO Premium plugin v15.0 - https:\/\/yoast.com\/wordpress\/plugins\/seo\/ -->\n<title>Ein Gartenhaus als Wohnung: Darauf musst du achten<\/title>\n<meta name=\"description\" content=\"Immer mehr Leute haben ein Gartenhaus als Wohnung. Wir zeigen, warum sich der Aufwand lohnt und worauf es beim Umbau ankommt!\" \/>\n<meta name=\"robots\" content=\"index, follow, max-snippet:-1, max-image-preview:large, max-video-preview:-1\" \/>\n<link rel=\"canonical\" href=\"https:\/\/www.gartenhaus.ch\/magazin\/das-gartenhaus-als-wohnung-residieren-sie-im-gruenen\/\" \/>\n<meta property=\"og:locale\" content=\"de_DE\" \/>\n<meta property=\"og:type\" content=\"article\" \/>\n<meta property=\"og:title\" content=\"Ein Gartenhaus als Wohnung: Darauf musst du achten\" \/>\n<meta property=\"og:description\" content=\"Immer mehr Leute haben ein Gartenhaus als Wohnung. Wir zeigen, warum sich der Aufwand lohnt und worauf es beim Umbau ankommt!\" \/>\n<meta property=\"og:url\" content=\"https:\/\/www.gartenhaus.ch\/magazin\/das-gartenhaus-als-wohnung-residieren-sie-im-gruenen\/\" \/>\n<meta property=\"og:site_name\" content=\"Gartenhaus.com Magazin\" \/>\n<meta property=\"article:published_time\" content=\"2015-02-03T09:05:53+00:00\" \/>\n<meta property=\"article:modified_time\" content=\"2025-12-15T14:46:49+00:00\" \/>\n<meta property=\"og:image\" content=\"https:\/\/www.gartenhaus.ch\/magazin\/wp-content\/uploads\/2015\/02\/Gartenhaus.jpg\" \/>\n\t<meta property=\"og:image:width\" content=\"816\" \/>\n\t<meta property=\"og:image:height\" content=\"612\" \/>\n<meta name=\"twitter:card\" content=\"summary\" \/>\n<script type=\"application\/ld+json\" class=\"yoast-schema-graph\">{\"@context\":\"https:\/\/schema.org\",\"@graph\":[{\"@type\":\"WebSite\",\"@id\":\"https:\/\/www.gartenhaus.ch\/magazin\/#website\",\"url\":\"https:\/\/www.gartenhaus.ch\/magazin\/\",\"name\":\"Gartenhaus.com Magazin\",\"description\":\"Dein Onlineshop rund um das Gartenhaus\",\"potentialAction\":[{\"@type\":\"SearchAction\",\"target\":\"https:\/\/www.gartenhaus.ch\/magazin\/?s={search_term_string}\",\"query-input\":\"required name=search_term_string\"}],\"inLanguage\":\"de-CH\"},{\"@type\":\"ImageObject\",\"@id\":\"https:\/\/www.gartenhaus.ch\/magazin\/das-gartenhaus-als-wohnung-residieren-sie-im-gruenen\/#primaryimage\",\"inLanguage\":\"de-CH\",\"url\":\"https:\/\/www.gartenhaus.ch\/magazin\/wp-content\/uploads\/2015\/02\/Gartenhaus.jpg\",\"width\":\"816\",\"height\":\"612\"},{\"@type\":\"WebPage\",\"@id\":\"https:\/\/www.gartenhaus.ch\/magazin\/das-gartenhaus-als-wohnung-residieren-sie-im-gruenen\/#webpage\",\"url\":\"https:\/\/www.gartenhaus.ch\/magazin\/das-gartenhaus-als-wohnung-residieren-sie-im-gruenen\/\",\"name\":\"Ein Gartenhaus als Wohnung: Darauf musst du achten\",\"isPartOf\":{\"@id\":\"https:\/\/www.gartenhaus.ch\/magazin\/#website\"},\"primaryImageOfPage\":{\"@id\":\"https:\/\/www.gartenhaus.ch\/magazin\/das-gartenhaus-als-wohnung-residieren-sie-im-gruenen\/#primaryimage\"},\"datePublished\":\"2015-02-03T09:05:53+00:00\",\"dateModified\":\"2025-12-15T14:46:49+00:00\",\"author\":{\"@id\":\"https:\/\/www.gartenhaus.ch\/magazin\/#\/schema\/person\/5b9bfc960f102bc5fc6ef396333e26a8\"},\"description\":\"Immer mehr Leute haben ein Gartenhaus als Wohnung. Wir zeigen, warum sich der Aufwand lohnt und worauf es beim Umbau ankommt!\",\"inLanguage\":\"de-CH\",\"potentialAction\":[{\"@type\":\"ReadAction\",\"target\":[\"https:\/\/www.gartenhaus.ch\/magazin\/das-gartenhaus-als-wohnung-residieren-sie-im-gruenen\/\"]}]},{\"@type\":\"Person\",\"@id\":\"https:\/\/www.gartenhaus.ch\/magazin\/#\/schema\/person\/5b9bfc960f102bc5fc6ef396333e26a8\",\"name\":\"gartenhausgmbh\",\"image\":{\"@type\":\"ImageObject\",\"@id\":\"https:\/\/www.gartenhaus.ch\/magazin\/#personlogo\",\"inLanguage\":\"de-CH\",\"url\":\"https:\/\/secure.gravatar.com\/avatar\/0c29c68dc20e65ba9790e5bbd7f7f0b76adf73a561e145dfffee0491eb1b106d?s=96&d=identicon&r=g\",\"caption\":\"gartenhausgmbh\"}}]}<\/script>\n<!-- \/ Yoast SEO Premium plugin. -->","_links":{"self":[{"href":"https:\/\/www.gartenhaus.ch\/magazin\/wp-json\/wp\/v2\/posts\/45185","targetHints":{"allow":["GET"]}}],"collection":[{"href":"https:\/\/www.gartenhaus.ch\/magazin\/wp-json\/wp\/v2\/posts"}],"about":[{"href":"https:\/\/www.gartenhaus.ch\/magazin\/wp-json\/wp\/v2\/types\/post"}],"author":[{"embeddable":true,"href":"https:\/\/www.gartenhaus.ch\/magazin\/wp-json\/wp\/v2\/users\/2"}],"replies":[{"embeddable":true,"href":"https:\/\/www.gartenhaus.ch\/magazin\/wp-json\/wp\/v2\/comments?post=45185"}],"version-history":[{"count":0,"href":"https:\/\/www.gartenhaus.ch\/magazin\/wp-json\/wp\/v2\/posts\/45185\/revisions"}],"wp:featuredmedia":[{"embeddable":true,"href":"https:\/\/www.gartenhaus.ch\/magazin\/wp-json\/wp\/v2\/media\/18504"}],"wp:attachment":[{"href":"https:\/\/www.gartenhaus.ch\/magazin\/wp-json\/wp\/v2\/media?parent=45185"}],"wp:term":[{"taxonomy":"category","embeddable":true,"href":"https:\/\/www.gartenhaus.ch\/magazin\/wp-json\/wp\/v2\/categories?post=45185"},{"taxonomy":"post_tag","embeddable":true,"href":"https:\/\/www.gartenhaus.ch\/magazin\/wp-json\/wp\/v2\/tags?post=45185"}],"curies":[{"name":"wp","href":"https:\/\/api.w.org\/{rel}","templated":true}]}}