{"id":44906,"date":"2015-10-13T22:03:58","date_gmt":"2015-10-13T20:03:58","guid":{"rendered":"https:\/\/www.gartenhaus.com\/magazin\/das-anlehngartenhaus-und-anlehngeraetehaus\/"},"modified":"2025-12-16T10:07:11","modified_gmt":"2025-12-16T09:07:11","slug":"das-anlehngartenhaus-und-anlehngeraetehaus","status":"publish","type":"post","link":"https:\/\/www.gartenhaus.ch\/magazin\/das-anlehngartenhaus-und-anlehngeraetehaus\/","title":{"rendered":"Das Anlehngartenhaus und Anlehnger\u00e4tehaus"},"content":{"rendered":"<p>Was tun, wenn der Platz f\u00fcr ein frei stehendes Gartenhaus nicht reicht? <strong>Anlehnh\u00e4user<\/strong> sind eine praktische L\u00f6sung, denn sie ben\u00f6tigen wenig Platz und schlie\u00dfen direkt an eine freie Hauswand an. Wir zeigen die Vorteile dieser kompakten Bauweise und stellen kleine und gro\u00dfe Anlehnh\u00e4user vor.<!--more--><\/p>\n<h2>Ger\u00e4teh\u00e4user als Anlehngartenhaus<\/h2>\n<p>Viele Grundst\u00fccke, auf denen Einfamilienh\u00e4user errichtet werden, bringen heute keine gro\u00dfen Fl\u00e4chen f\u00fcr Garten und Nebengeb\u00e4ude mehr mit. Vielerorts sind die G\u00e4rten recht klein, oder es steht bereits ein Gartenhaus an der einzig m\u00f6glichen Stelle, das gem\u00fctlich eingerichtet ist und keinen Raum f\u00fcr Ger\u00e4tschaften und Werkzeuge bietet. F\u00fcr diese Situationen sind Anlehngartenh\u00e4user genau richtig. Es gibt sie als speziell &#171;zum Anlehnen&#187; konzipierten Bausatz, leicht aufzubauen f\u00fcr alle, die vor ein bisschen Do-it-Yourself nicht zur\u00fcckschrecken. Optisch gleicht ein solches Anlehn-Gartenhaus einem l\u00e4ngs geteilten Satteldach-Gartenhaus, das direkt an einer Mauer aufsitzt.<\/p>\n<p>Gegen\u00fcber einem frei stehenden Ger\u00e4tehaus haben an die Hauswand gelehnte Gartenh\u00e4user sogar gewisse Vorteile:<\/p>\n<ul>\n<li>Das Anlehn-Ger\u00e4tehaus tr\u00e4gt zur W\u00e4rmed\u00e4mmung des Haupthauses bei.<\/li>\n<li>Da eine Wand entf\u00e4llt, spart so ein Anlehnhaus Material und damit auch Kosten.<\/li>\n<li>Man muss nicht weit laufen, um das Anlehnhaus zu erreichen &#8211; sehr angenehm bei schlechtem Wetter und wenn man es als Werkstatt nutzt.<\/li>\n<\/ul>\n<p>Da konstruktionsbedingt nicht allzu viele Varianten solcher Ger\u00e4teh\u00e4user m\u00f6glich sind, ist das Angebot noch recht \u00fcberschaubar. Dennoch gibt es sie in verschiedenen Ausf\u00fchrungen und Gr\u00f6\u00dfen, vom Mini-Ger\u00e4teschuppen kaum gr\u00f6\u00dfer als ein Schrank bis hin zu wandf\u00fcllenden Ausma\u00dfen mit mehreren Fenstern und breiter Doppelt\u00fcr. Selbstverst\u00e4ndlich ben\u00f6tigen alle Modelle ganz ebenso ein stabiles <a href=\"\/ratgeber\/gartenhaus\/fundament-fuer-gartenhaus\">Fundament<\/a> wie normale Gartenh\u00e4user. Da ums Haus herum oft bereits ein Pflaster liegt, kann man dieses nutzen oder z.B. ein Plattenfundament erstellen.<\/p>\n<h2>Karibu Ger\u00e4teh\u00e4user zum Anlehnen: Bomlitz 2, 3 und 4<\/h2>\n<p>Vom bekannten Hersteller KARIBU gibt es zwei Typen von Anlehn-Ger\u00e4teh\u00e4usern, jeweils in mehreren Gr\u00f6\u00dfen. Beginnen wir mit dem Ger\u00e4tehaus Bomlitz, und zwar mit Bomlitz 2, dem kleinsten Ger\u00e4tehaus der Serie:<\/p>\n<p><img decoding=\"async\" class=\"aligncenter size-full wp-image-4100\" src=\"\/magazin\/wp-content\/uploads\/2015\/10\/anlehngartenhaus-karibu-bomlitz2.jpg\" alt=\"Anlehnger\u00e4tehaus Bomlitz 2\" width=\"675\" height=\"507\" srcset=\"https:\/\/www.gartenhaus.ch\/magazin\/wp-content\/uploads\/2015\/10\/anlehngartenhaus-karibu-bomlitz2.jpg 675w, https:\/\/www.gartenhaus.ch\/magazin\/wp-content\/uploads\/2015\/10\/anlehngartenhaus-karibu-bomlitz2-300x225.jpg 300w\" sizes=\"(max-width: 675px) 100vw, 675px\" \/><\/p>\n<p>Wo die Dachschr\u00e4ge die Hauswand ber\u00fchrt, ist Bomlitz 2 ganze 234 cm hoch. Bei einem Innenma\u00df von 231 x 174 cm bietet es gut vier Quadratmeter Raum f\u00fcr Ger\u00e4tschaften, Gartenm\u00f6bel oder Werkzeug. Wegen des Dach\u00fcberstands (vorne \/ seitlich \/ hinten: 16 \/ 19 \/ 16 cm) ergibt sich eine Dachfl\u00e4che von 5,5 Quadratmeter mit einer Neigung von 12 Grad. Das Haus besteht aus hochwertiger nordischer Fichte und wird naturbelassen geliefert. Ein Holzboden ist optional als Zubeh\u00f6r erh\u00e4ltlich, da er bei bestimmten Nutzungen (z.B. als Unterstand f\u00fcr Fahrr\u00e4der oder Rasentraktoren) gar nicht gebraucht wird.<\/p>\n<p><img decoding=\"async\" class=\"alignright size-full wp-image-4101\" src=\"\/magazin\/wp-content\/uploads\/2015\/10\/schleppdach.jpg\" alt=\"Schleppdach\" width=\"110\" height=\"150\" \/>Die W\u00e4nde bestehen 19 mm Rundprofil mit Nut und Feder, wobei die Seite zum Haus hin offen bleibt, um das Haus &#171;anlehnen&#187; bzw. an der Wand montieren zu k\u00f6nnen. Die breite Doppelt\u00fcr kommt vormontiert, das ganze Haus ist in <strong>Elementbauweise<\/strong> konstruiert, was den Aufbau sehr erleichtert. Belichtet wird dieses h\u00fcbsche, kompakte Ger\u00e4tehaus \u00fcber die Fensterelemente in der Doppelt\u00fcr. Wer noch mehr unterstellen m\u00f6chte, als der Innenraum fasst, kann das Anlehnger\u00e4tehaus noch mit einem kleinen Schleppdach erweitern, das ebenfalls als Zubeh\u00f6r zu haben ist.<\/p>\n<p>Im selben Design und gleicher Machart bieten die gr\u00f6\u00dferen Modelle Bomlitz 3 und Bomlitz 4 mehr Platz bzw. Stauraum. Auf den ersten Blick fallen auch die Seitenfenster auf, die diese beiden Modelle der kleinsten Variante voraus haben:<\/p>\n<p><img decoding=\"async\" class=\"alignright size-full wp-image-4102\" src=\"\/magazin\/wp-content\/uploads\/2015\/10\/anlehngeraetehaus-bomlitz3und4.jpg\" alt=\"Anlehn-Ger\u00e4teh\u00e4user\" width=\"675\" height=\"259\" srcset=\"https:\/\/www.gartenhaus.ch\/magazin\/wp-content\/uploads\/2015\/10\/anlehngeraetehaus-bomlitz3und4.jpg 675w, https:\/\/www.gartenhaus.ch\/magazin\/wp-content\/uploads\/2015\/10\/anlehngeraetehaus-bomlitz3und4-300x115.jpg 300w\" sizes=\"(max-width: 675px) 100vw, 675px\" \/><\/p>\n<p>Zur \u00dcbersicht hier die Ma\u00dfe der drei verschieden gro\u00dfen Ger\u00e4teh\u00e4user im Vergleich:<\/p>\n<table>\n<thead>\n<tr>\n<th><\/th>\n<th>Bomlitz 2<\/th>\n<th>Bomlitz 3<\/th>\n<th>Bomlitz 4<\/th>\n<\/tr>\n<\/thead>\n<tbody>\n<tr>\n<td>Au\u00dfenma\u00df:<\/td>\n<td>238 x 181 cm<\/td>\n<td>238 x 268 cm<\/td>\n<td>238 x 355 cm<\/td>\n<\/tr>\n<tr>\n<td>Innenma\u00df:<\/td>\n<td>231 x 174 cm<\/td>\n<td>231 x 261 cm<\/td>\n<td>231 x 348 cm<\/td>\n<\/tr>\n<tr>\n<td>Seitenh\u00f6he:<\/td>\n<td>189 cm<\/td>\n<td>189 cm<\/td>\n<td>189 cm<\/td>\n<\/tr>\n<tr>\n<td>Firsth\u00f6he:<\/td>\n<td>243 cm<\/td>\n<td>243 cm<\/td>\n<td>243 cm<\/td>\n<\/tr>\n<tr>\n<td>Umbauter Raum:<\/td>\n<td>9,05 m\u00b3<\/td>\n<td>13,5 m\u00b3<\/td>\n<td>17,9 m\u00b3<\/td>\n<\/tr>\n<tr>\n<td>Dachfl\u00e4che:<\/td>\n<td>5,5 m\u00b2<\/td>\n<td>7,72 m\u00b2<\/td>\n<td>10 m\u00b2<\/td>\n<\/tr>\n<tr>\n<td>Dachneigung:<\/td>\n<td>12\u00b0<\/td>\n<td>12\u00b0<\/td>\n<td>12\u00b0<\/td>\n<\/tr>\n<\/tbody>\n<\/table>\n<p>Die doch recht gro\u00dfen Dachfl\u00e4chen lassen sich nat\u00fcrlich individuell gestalten. Geliefert wird der Bausatz inklusive Dachpappe, doch spricht nichts dagegen, das Dach mit h\u00fcbschen Biberschwanz-Bitumenschindeln aufzupeppen, die ebenfalls als Zubeh\u00f6r erh\u00e4ltlich sind.<\/p>\n<h2>Anlehnger\u00e4tehaus Wandlitz in vier Gr\u00f6\u00dfen<\/h2>\n<p>Das Anlehnger\u00e4tehaus Wandlitz ist ebenfalls von Karibu. Dieses Modell gibt es gleich in vier verschiedenen Gr\u00f6\u00dfen, es sollte also f\u00fcr nahezu jede Hauswand etwas Passendes dabei sein. Das gr\u00f6\u00dfte Ger\u00e4tehaus der Serie ist Wandlitz 5, das bei einem Innenma\u00df von 174 x 435 cm \u00fcber sieben Quadratmeter Platz bietet.<\/p>\n<p><img decoding=\"async\" class=\"aligncenter size-full wp-image-4103\" src=\"\/magazin\/wp-content\/uploads\/2015\/10\/anlehngartenhaus-wandlitz5.jpg\" alt=\"Ger\u00e4tehaus Wandlitz 5\" width=\"675\" height=\"457\" srcset=\"https:\/\/www.gartenhaus.ch\/magazin\/wp-content\/uploads\/2015\/10\/anlehngartenhaus-wandlitz5.jpg 675w, https:\/\/www.gartenhaus.ch\/magazin\/wp-content\/uploads\/2015\/10\/anlehngartenhaus-wandlitz5-300x203.jpg 300w\" sizes=\"(max-width: 675px) 100vw, 675px\" \/><\/p>\n<p>Verglichen mit den Bomlitz-Modellen ist Wandlitz schmaler, daf\u00fcr aber l\u00e4nger. Wer nur beschr\u00e4nkten Platz neben der freien Wand hat, f\u00e4hrt mit diesem Ger\u00e4tehaus besser, da es nicht so weit in den Raum hinaus ragt, sondern sich platzsparend ans Haupthaus schmiegt. Konstruiert in Elementbauweise entspricht es ansonsten in Machart und Design weitgehend den Bomlitz-Modellen.<\/p>\n<p>Der Gr\u00f6\u00dfenunterschied der einzelnen Modelle bedingt eine unterschiedliche Anzahl an Fenstern. So hat etwa Wandlitz 4 nur zwei statt drei Fenster auf der Au\u00dfenseite:<\/p>\n<p><img decoding=\"async\" class=\"aligncenter size-full wp-image-4104\" src=\"\/magazin\/wp-content\/uploads\/2015\/10\/anlehngartenhaus-wandlitz4.jpg\" alt=\"Ger\u00e4tehaus Wandlitz 4\" width=\"675\" height=\"507\" srcset=\"https:\/\/www.gartenhaus.ch\/magazin\/wp-content\/uploads\/2015\/10\/anlehngartenhaus-wandlitz4.jpg 675w, https:\/\/www.gartenhaus.ch\/magazin\/wp-content\/uploads\/2015\/10\/anlehngartenhaus-wandlitz4-300x225.jpg 300w\" sizes=\"(max-width: 675px) 100vw, 675px\" \/><\/p>\n<p>Auf dem Foto ist der Innenraum gut zu sehen, der auch in dieser Gr\u00f6\u00dfe (Innenma\u00df 174 x 348 cm) noch vieles aufnimmt, was man gerne aufger\u00e4umt und sicher verwahrt wissen will. Die Wand zum Haus hin ist offen, doch st\u00fctzen stabile Balken das Dach.<\/p>\n<p>Komplettiert wird die Ger\u00e4tehaus-Serie Wandlitz durch die beiden kleinsten Modelle Wandlitz 3 (n\u00e4chstes Bild) und Wandlitz 2 (ohne Foto).<\/p>\n<p><img decoding=\"async\" class=\"aligncenter size-full wp-image-4105\" src=\"\/magazin\/wp-content\/uploads\/2015\/10\/anlehngartenhaus-wandlitz3.jpg\" alt=\"Anlehnhaus Wandlitz 3\" width=\"675\" height=\"498\" srcset=\"https:\/\/www.gartenhaus.ch\/magazin\/wp-content\/uploads\/2015\/10\/anlehngartenhaus-wandlitz3.jpg 675w, https:\/\/www.gartenhaus.ch\/magazin\/wp-content\/uploads\/2015\/10\/anlehngartenhaus-wandlitz3-300x221.jpg 300w\" sizes=\"(max-width: 675px) 100vw, 675px\" \/><\/p>\n<p>&#171;Wandlitz 3&#187; kommt mit nur einem Seitenfenster, &#171;Wandlitz 2&#187; steht auf einem kompakten quadratischen Grundriss (Innenma\u00df 174 x 174 cm) und wird lediglich durch die Fensterelemente in der Doppelfl\u00fcgelt\u00fcr belichtet &#8211; f\u00fcr ein Ger\u00e4tehaus durchaus ausreichend. Auch hier eine Tabelle mit allen Ma\u00dfen der vier Wandlitz-Modelle zum Vergleich:<\/p>\n<table>\n<thead>\n<tr>\n<th><\/th>\n<th>Wandlitz 2<\/th>\n<th>Wandlitz 3<\/th>\n<th>Wandlitz 4<\/th>\n<th>Wandlitz 5<\/th>\n<\/tr>\n<\/thead>\n<tbody>\n<tr>\n<td>Au\u00dfenma\u00df:<\/td>\n<td>181 x 181 cm<\/td>\n<td>181 x 268 cm<\/td>\n<td>181 x 355 cm<\/td>\n<td>181 x 442 cm<\/td>\n<\/tr>\n<tr>\n<td>Innenma\u00df:<\/td>\n<td>174 x 174 cm<\/td>\n<td>174 x 261 cm<\/td>\n<td>174 x 348<\/td>\n<td>174 x 435<\/td>\n<\/tr>\n<tr>\n<td>Seitenh\u00f6he:<\/td>\n<td>189 cm<\/td>\n<td>189 cm<\/td>\n<td>189 cm<\/td>\n<td>189 cm<\/td>\n<\/tr>\n<tr>\n<td>Firsth\u00f6he:<\/td>\n<td>230 cm<\/td>\n<td>230 cm<\/td>\n<td>230 cm<\/td>\n<td>230 cm<\/td>\n<\/tr>\n<tr>\n<td>Umbauter Raum:<\/td>\n<td>5,81 m\u00b3<\/td>\n<td>8,72 m\u00b3<\/td>\n<td>11,62 m\u00b3<\/td>\n<td>14,53 m\u00b3<\/td>\n<\/tr>\n<tr>\n<td>Dachfl\u00e4che:<\/td>\n<td>4,95 m\u00b2<\/td>\n<td>6,82 m\u00b2<\/td>\n<td>8,7 m\u00b2<\/td>\n<td>10,56 m\u00b2<\/td>\n<\/tr>\n<tr>\n<td>Dachneigung:<\/td>\n<td>12\u00b0<\/td>\n<td>12\u00b0<\/td>\n<td>12\u00b0<\/td>\n<td>12\u00b0<\/td>\n<\/tr>\n<\/tbody>\n<\/table>\n<p>Bedingt durch die praktische Elementbauweise sind die Seitenfenster der Modelle Wandlitz 3 bis 5 feststehend im Seitenwandelement vormontiert. Die Position der Wandelemente ist dabei variabel, man kann also auch drei bzw. zwei Wandelemente mit Fenster nebeneinander montieren, anstatt sie durch ein fensterloses Element zu unterbrechen. Wer das Anlehnger\u00e4tehaus zum Sammeln von Regenwasser nutzen will, kann im \u00fcbrigen Regenrinnensets und Regentonnen als Zubeh\u00f6r erwerben.<\/p>\n<h2>Das Mini-Anlehnhaus Leif 22, Ger\u00e4teschuppen mit geringem Platzbedarf<\/h2>\n<p>Wem die bisher vorgestellten Anlehnh\u00e4user noch alle zu gro\u00df sind, sollte einen Blick auf das wahrlich Platz sparende Anlehnhaus Leif 22\u00a0werfen:<\/p>\n<p><img decoding=\"async\" class=\"aligncenter size-full wp-image-4106\" src=\"\/magazin\/wp-content\/uploads\/2015\/10\/anlehngeraetehaus-mia.jpg\" alt=\"Ger\u00e4tehaus Mia, Anlehnhaus\" width=\"675\" height=\"534\" srcset=\"https:\/\/www.gartenhaus.ch\/magazin\/wp-content\/uploads\/2015\/10\/anlehngeraetehaus-mia.jpg 675w, https:\/\/www.gartenhaus.ch\/magazin\/wp-content\/uploads\/2015\/10\/anlehngeraetehaus-mia-300x237.jpg 300w\" sizes=\"(max-width: 675px) 100vw, 675px\" \/><\/p>\n<p>Das Mini-Ger\u00e4tehaus begn\u00fcgt sich mit einer Grundfl\u00e4che von 2,2 Quadratmetern (234 x 95 cm) und erreicht an der Wand, an die es angelehnt wird, 1,89 Meter H\u00f6he. In insgesamt 3,7 m\u00b3 umbautem Raum kann man, wenn man ihn geschickt ausnutzt, dennoch vielerlei Gartenutensilien verstauen. Der Aufbau ist einfach, denn das Ger\u00e4tehaus besteht ebenfalls aus vormontierten Wandelementen.<\/p>\n<p>Die Dach- und Fu\u00dfbodenbretter in 16 mm St\u00e4rke lassen sich per Nut und Feder leicht zusammen stecken. Die Vollholzt\u00fcr mit Leimholzrahmen (160 x 104 cm) wird mit Schloss geliefert. Das Anlehnhaus Leif 22 ist somit ein schlichtes, kompaktes Ger\u00e4tehaus, das sich im Nu aufbauen und z.B. gut zur Unterbringung von allerlei Werkzeug, zur Aufbewahrung von D\u00fcnger, Pflanzt\u00f6pfen oder zur Zwischenlagerung von Rindenmulch-Packungen nutzen l\u00e4sst.<\/p>\n<h2>Ganz nach deinen W\u00fcnschen: das Anlehngartenhaus nach Ma\u00df<\/h2>\n<p>Zwar decken die vorgestellten Anlehnh\u00e4user Standard-Situationen durchaus ab, doch sind die Varianten fertiger Baus\u00e4tze in diesem Sektor weniger vielf\u00e4ltig als bei den frei stehenden Gartenh\u00e4usern. Auf individuelle W\u00fcnsche musst du dennoch nicht verzichten:\u00a0 <a href=\"\/ratgeber\/gartenhaus\/nach-mass\">Gartenhaus.com fertigt Anlehn-Gartenh\u00e4user auch gerne komplett nach deinen Vorstellungen!<\/a><\/p>\n<p>Dabei bist du dann ganz frei in der Konzeption und Auswahl der Details. Zum Beispiel kannst du Vorgaben machen bez\u00fcglich der<\/p>\n<ul>\n<li>Gr\u00f6\u00dfe und genauen Ma\u00dfe Ihres Wunsch-Ahnlehnhauses<\/li>\n<li>Anzahl und Gr\u00f6\u00dfe der Fenster und T\u00fcren<\/li>\n<li>Fensterart und Verglasung<\/li>\n<li>Lage der T\u00fcr: Front, Seite, beides&#8230;<\/li>\n<li>mit oder ohne R\u00fcckwand zur Hauswand hin<\/li>\n<li>mit oder ohne Hozboden<\/li>\n<li>Dach\u00fcberstand, Vordach, Schleppdach&#8230;<\/li>\n<\/ul>\n<p>&#8230;schier alles ist m\u00f6glich, was aus Holz gebaut werden kann!<\/p>\n<p>Gerne zeigen wir ein paar Beispiele von Kundenprojekten, die wir bereits umgesetzt haben. Das erste ist ein einfaches Anlehn-Ger\u00e4tehaus nach vorgegebenen Ma\u00dfen. Ohne R\u00fcckwand und Fenster, mit Holzboden und einer eher schmalen T\u00fcr:<\/p>\n<p><img decoding=\"async\" class=\"aligncenter size-full wp-image-4137\" src=\"\/magazin\/wp-content\/uploads\/2015\/10\/anlehnhaus-nach-mass-3d2.jpg\" alt=\"anlehnhaus-nach-mass-3d2\" width=\"550\" height=\"573\" srcset=\"https:\/\/www.gartenhaus.ch\/magazin\/wp-content\/uploads\/2015\/10\/anlehnhaus-nach-mass-3d2.jpg 550w, https:\/\/www.gartenhaus.ch\/magazin\/wp-content\/uploads\/2015\/10\/anlehnhaus-nach-mass-3d2-288x300.jpg 288w\" sizes=\"(max-width: 550px) 100vw, 550px\" \/><\/p>\n<p>Das n\u00e4chste Beispiel hat einen quadratischen Grundriss, R\u00fcckwand, Holzboden und eine breite Doppelt\u00fcr zur Seite hin:<\/p>\n<p><img decoding=\"async\" class=\"aligncenter size-full wp-image-4138\" src=\"\/magazin\/wp-content\/uploads\/2015\/10\/anlehnhaus-nach-mass-3d.jpg\" alt=\"anlehnhaus-nach-mass-3d\" width=\"550\" height=\"541\" srcset=\"https:\/\/www.gartenhaus.ch\/magazin\/wp-content\/uploads\/2015\/10\/anlehnhaus-nach-mass-3d.jpg 550w, https:\/\/www.gartenhaus.ch\/magazin\/wp-content\/uploads\/2015\/10\/anlehnhaus-nach-mass-3d-300x295.jpg 300w\" sizes=\"(max-width: 550px) 100vw, 550px\" \/><\/p>\n<p>Das letzte Beispiel zeigt ein eher schmales Anlehnhaus, jedoch mit zwei verschieden gro\u00dfen Fenstern, einer R\u00fcckwand und gro\u00dfem vorderen Dach\u00fcberstand \u00fcber der T\u00fcr. Auf einen Holzboden wurde hier verzichtet.<\/p>\n<p><img decoding=\"async\" class=\"aligncenter size-full wp-image-4136\" src=\"\/magazin\/wp-content\/uploads\/2015\/10\/anlehnhaus-nach-mass-3d3.jpg\" alt=\"Anlehnhaus nach Mass\" width=\"550\" height=\"386\" srcset=\"https:\/\/www.gartenhaus.ch\/magazin\/wp-content\/uploads\/2015\/10\/anlehnhaus-nach-mass-3d3.jpg 550w, https:\/\/www.gartenhaus.ch\/magazin\/wp-content\/uploads\/2015\/10\/anlehnhaus-nach-mass-3d3-300x211.jpg 300w\" sizes=\"(max-width: 550px) 100vw, 550px\" \/><\/p>\n<p>Das sind nur drei Varianten unz\u00e4hliger M\u00f6glichkeiten. Lasse dich von den frei stehenden <a href=\"\/gartenhaeuser\">Gartenh\u00e4usern<\/a> und <a href=\"\/geraetehaeuser\">Ger\u00e4teh\u00e4usern<\/a> inspirieren! Vieles, was dort m\u00f6glich ist, ist auch bei einem Anlehnhaus machbar.<\/p>\n<p>Gerne beraten wir dich, wenn du Fragen zu den vielen M\u00f6glichkeiten hast, die dir auf diesem Wege offen stehen!<\/p>\n<div class=\"shariff shariff-align-center shariff-widget-align-flex-start\" style=\"display:none\" data-services=\"facebook%7Cpinterest\" data-url=\"https%3A%2F%2Fwww.gartenhaus.ch%2Fmagazin%2Fdas-anlehngartenhaus-und-anlehngeraetehaus%2F\" data-timestamp=\"1765879631\" data-hidezero=\"1\" data-backendurl=\"https:\/\/www.gartenhaus.ch\/magazin\/wp-json\/shariff\/v1\/share_counts?\"><div class=\"ShariffHeadline\">Teile diesen Beitrag<\/div><ul class=\"shariff-buttons theme-white orientation-horizontal buttonsize-medium\"><li class=\"shariff-button facebook shariff-nocustomcolor\" style=\"background-color:#4273c8\"><a href=\"https:\/\/www.facebook.com\/sharer\/sharer.php?u=https%3A%2F%2Fwww.gartenhaus.ch%2Fmagazin%2Fdas-anlehngartenhaus-und-anlehngeraetehaus%2F\" title=\"Bei Facebook teilen\" aria-label=\"Bei Facebook teilen\" role=\"button\" rel=\"nofollow\" class=\"shariff-link\" style=\"; background-color:#3b5998; color:#3b5998\" target=\"_blank\"><span class=\"shariff-icon\" style=\"fill:#3b5998\"><svg width=\"32px\" height=\"20px\" xmlns=\"http:\/\/www.w3.org\/2000\/svg\" viewBox=\"0 0 18 32\"><path fill=\"#3b5998\" d=\"M17.1 0.2v4.7h-2.8q-1.5 0-2.1 0.6t-0.5 1.9v3.4h5.2l-0.7 5.3h-4.5v13.6h-5.5v-13.6h-4.5v-5.3h4.5v-3.9q0-3.3 1.9-5.2t5-1.8q2.6 0 4.1 0.2z\"\/><\/svg><\/span><span class=\"shariff-text\" style=\"color:#3b5998\">teilen<\/span>&nbsp;<span data-service=\"facebook\" style=\"color:#3b5998\" class=\"shariff-count shariff-hidezero\"><\/span>&nbsp;<\/a><\/li><li class=\"shariff-button twitter shariff-nocustomcolor\" style=\"background-color:#595959\"><a href=\"https:\/\/twitter.com\/share?url=https%3A%2F%2Fwww.gartenhaus.ch%2Fmagazin%2Fdas-anlehngartenhaus-und-anlehngeraetehaus%2F&text=Das%20Anlehngartenhaus%20und%20Anlehnger%C3%A4tehaus\" title=\"Bei X teilen\" aria-label=\"Bei X teilen\" role=\"button\" rel=\"noopener nofollow\" class=\"shariff-link\" style=\"; background-color:#000; color:#000\" target=\"_blank\"><span class=\"shariff-icon\" style=\"fill:#000\"><svg width=\"32px\" height=\"20px\" xmlns=\"http:\/\/www.w3.org\/2000\/svg\" viewBox=\"0 0 24 24\"><path fill=\"#000\" d=\"M14.258 10.152L23.176 0h-2.113l-7.747 8.813L7.133 0H0l9.352 13.328L0 23.973h2.113l8.176-9.309 6.531 9.309h7.133zm-2.895 3.293l-.949-1.328L2.875 1.56h3.246l6.086 8.523.945 1.328 7.91 11.078h-3.246zm0 0\"\/><\/svg><\/span><span class=\"shariff-text\" style=\"color:#000\">teilen<\/span>&nbsp;<\/a><\/li><li class=\"shariff-button pinterest shariff-nocustomcolor\" style=\"background-color:#e70f18\"><a href=\"https:\/\/www.pinterest.com\/pin\/create\/link\/?url=https%3A%2F%2Fwww.gartenhaus.ch%2Fmagazin%2Fdas-anlehngartenhaus-und-anlehngeraetehaus%2F&media=https%3A%2F%2Fwww.gartenhaus.ch%2Fmagazin%2Fwp-content%2Fuploads%2F2015%2F10%2Fanlehngartenhaus-anlehngeraetehaus.jpg&description=Das%20Anlehngartenhaus%20und%20Anlehnger%C3%A4tehaus\" title=\"Bei Pinterest pinnen\" aria-label=\"Bei Pinterest pinnen\" role=\"button\" rel=\"noopener nofollow\" class=\"shariff-link\" style=\"; background-color:#cb2027; color:#cb2027\" target=\"_blank\"><span class=\"shariff-icon\" style=\"fill:#cb2027\"><svg width=\"32px\" height=\"20px\" xmlns=\"http:\/\/www.w3.org\/2000\/svg\" viewBox=\"0 0 27 32\"><path fill=\"#cb2027\" d=\"M27.4 16q0 3.7-1.8 6.9t-5 5-6.9 1.9q-2 0-3.9-0.6 1.1-1.7 1.4-2.9 0.2-0.6 1-3.8 0.4 0.7 1.3 1.2t2 0.5q2.1 0 3.8-1.2t2.7-3.4 0.9-4.8q0-2-1.1-3.8t-3.1-2.9-4.5-1.2q-1.9 0-3.5 0.5t-2.8 1.4-2 2-1.2 2.3-0.4 2.4q0 1.9 0.7 3.3t2.1 2q0.5 0.2 0.7-0.4 0-0.1 0.1-0.5t0.2-0.5q0.1-0.4-0.2-0.8-0.9-1.1-0.9-2.7 0-2.7 1.9-4.6t4.9-2q2.7 0 4.2 1.5t1.5 3.8q0 3-1.2 5.2t-3.1 2.1q-1.1 0-1.7-0.8t-0.4-1.9q0.1-0.6 0.5-1.7t0.5-1.8 0.2-1.4q0-0.9-0.5-1.5t-1.4-0.6q-1.1 0-1.9 1t-0.8 2.6q0 1.3 0.4 2.2l-1.8 7.5q-0.3 1.2-0.2 3.2-3.7-1.6-6-5t-2.3-7.6q0-3.7 1.9-6.9t5-5 6.9-1.9 6.9 1.9 5 5 1.8 6.9z\"\/><\/svg><\/span><span class=\"shariff-text\" style=\"color:#cb2027\">merken<\/span>&nbsp;<span data-service=\"pinterest\" style=\"color:#cb2027\" class=\"shariff-count shariff-hidezero\"><\/span>&nbsp;<\/a><\/li><li class=\"shariff-button whatsapp shariff-nocustomcolor\" style=\"background-color:#5cbe4a\"><a href=\"https:\/\/api.whatsapp.com\/send?text=https%3A%2F%2Fwww.gartenhaus.ch%2Fmagazin%2Fdas-anlehngartenhaus-und-anlehngeraetehaus%2F%20Das%20Anlehngartenhaus%20und%20Anlehnger%C3%A4tehaus\" title=\"Bei Whatsapp teilen\" aria-label=\"Bei Whatsapp teilen\" role=\"button\" rel=\"noopener nofollow\" class=\"shariff-link\" style=\"; background-color:#34af23; color:#34af23\" target=\"_blank\"><span class=\"shariff-icon\" style=\"fill:#34af23\"><svg width=\"32px\" height=\"20px\" xmlns=\"http:\/\/www.w3.org\/2000\/svg\" viewBox=\"0 0 32 32\"><path fill=\"#34af23\" d=\"M17.6 17.4q0.2 0 1.7 0.8t1.6 0.9q0 0.1 0 0.3 0 0.6-0.3 1.4-0.3 0.7-1.3 1.2t-1.8 0.5q-1 0-3.4-1.1-1.7-0.8-3-2.1t-2.6-3.3q-1.3-1.9-1.3-3.5v-0.1q0.1-1.6 1.3-2.8 0.4-0.4 0.9-0.4 0.1 0 0.3 0t0.3 0q0.3 0 0.5 0.1t0.3 0.5q0.1 0.4 0.6 1.6t0.4 1.3q0 0.4-0.6 1t-0.6 0.8q0 0.1 0.1 0.3 0.6 1.3 1.8 2.4 1 0.9 2.7 1.8 0.2 0.1 0.4 0.1 0.3 0 1-0.9t0.9-0.9zM14 26.9q2.3 0 4.3-0.9t3.6-2.4 2.4-3.6 0.9-4.3-0.9-4.3-2.4-3.6-3.6-2.4-4.3-0.9-4.3 0.9-3.6 2.4-2.4 3.6-0.9 4.3q0 3.6 2.1 6.6l-1.4 4.2 4.3-1.4q2.8 1.9 6.2 1.9zM14 2.2q2.7 0 5.2 1.1t4.3 2.9 2.9 4.3 1.1 5.2-1.1 5.2-2.9 4.3-4.3 2.9-5.2 1.1q-3.5 0-6.5-1.7l-7.4 2.4 2.4-7.2q-1.9-3.2-1.9-6.9 0-2.7 1.1-5.2t2.9-4.3 4.3-2.9 5.2-1.1z\"\/><\/svg><\/span><span class=\"shariff-text\" style=\"color:#34af23\">teilen<\/span>&nbsp;<\/a><\/li><li class=\"shariff-button rss shariff-nocustomcolor\" style=\"background-color:#ff8c00\"><a href=\"\/magazin\/feed\/\" title=\"RSS-feed\" aria-label=\"RSS-feed\" role=\"button\" class=\"shariff-link\" style=\"; background-color:#fe9312; color:#fe9312\" target=\"_blank\"><span class=\"shariff-icon\" style=\"fill:#fe9312\"><svg width=\"32px\" height=\"20px\" xmlns=\"http:\/\/www.w3.org\/2000\/svg\" viewBox=\"0 0 32 32\"><path fill=\"#fe9312\" d=\"M4.3 23.5c-2.3 0-4.3 1.9-4.3 4.3 0 2.3 1.9 4.2 4.3 4.2 2.4 0 4.3-1.9 4.3-4.2 0-2.3-1.9-4.3-4.3-4.3zM0 10.9v6.1c4 0 7.7 1.6 10.6 4.4 2.8 2.8 4.4 6.6 4.4 10.6h6.2c0-11.7-9.5-21.1-21.1-21.1zM0 0v6.1c14.2 0 25.8 11.6 25.8 25.9h6.2c0-17.6-14.4-32-32-32z\"\/><\/svg><\/span><span class=\"shariff-text\" style=\"color:#fe9312\">RSS-feed<\/span>&nbsp;<\/a><\/li><li class=\"shariff-button mailto shariff-nocustomcolor\" style=\"background-color:#a8a8a8\"><a href=\"mailto:?body=https%3A%2F%2Fwww.gartenhaus.ch%2Fmagazin%2Fdas-anlehngartenhaus-und-anlehngeraetehaus%2F&subject=Das%20Anlehngartenhaus%20und%20Anlehnger%C3%A4tehaus\" title=\"Per E-Mail versenden\" aria-label=\"Per E-Mail versenden\" role=\"button\" rel=\"noopener nofollow\" class=\"shariff-link\" style=\"; background-color:#999; color:#999\"><span class=\"shariff-icon\" style=\"fill:#999\"><svg width=\"32px\" height=\"20px\" xmlns=\"http:\/\/www.w3.org\/2000\/svg\" viewBox=\"0 0 32 32\"><path fill=\"#999\" d=\"M32 12.7v14.2q0 1.2-0.8 2t-2 0.9h-26.3q-1.2 0-2-0.9t-0.8-2v-14.2q0.8 0.9 1.8 1.6 6.5 4.4 8.9 6.1 1 0.8 1.6 1.2t1.7 0.9 2 0.4h0.1q0.9 0 2-0.4t1.7-0.9 1.6-1.2q3-2.2 8.9-6.1 1-0.7 1.8-1.6zM32 7.4q0 1.4-0.9 2.7t-2.2 2.2q-6.7 4.7-8.4 5.8-0.2 0.1-0.7 0.5t-1 0.7-0.9 0.6-1.1 0.5-0.9 0.2h-0.1q-0.4 0-0.9-0.2t-1.1-0.5-0.9-0.6-1-0.7-0.7-0.5q-1.6-1.1-4.7-3.2t-3.6-2.6q-1.1-0.7-2.1-2t-1-2.5q0-1.4 0.7-2.3t2.1-0.9h26.3q1.2 0 2 0.8t0.9 2z\"\/><\/svg><\/span><span class=\"shariff-text\" style=\"color:#999\">E-Mail<\/span>&nbsp;<\/a><\/li><\/ul><\/div>","protected":false},"excerpt":{"rendered":"<p>Was tun, wenn der Platz f\u00fcr ein frei stehendes Gartenhaus nicht reicht? Anlehnh\u00e4user sind eine praktische L\u00f6sung, denn sie ben\u00f6tigen wenig Platz und schlie\u00dfen direkt an eine freie Hauswand an. Wir zeigen die Vorteile dieser kompakten Bauweise und stellen kleine und gro\u00dfe Anlehnh\u00e4user vor.<\/p>\n","protected":false},"author":3,"featured_media":23054,"comment_status":"closed","ping_status":"closed","sticky":false,"template":"","format":"standard","meta":{"footnotes":""},"categories":[5922],"tags":[5935],"class_list":["post-44906","post","type-post","status-publish","format-standard","has-post-thumbnail","hentry","category-aufbau-wissen","tag-gartenhaeuser"],"yoast_head":"<!-- This site is optimized with the Yoast SEO Premium plugin v15.0 - https:\/\/yoast.com\/wordpress\/plugins\/seo\/ -->\n<title>Das Anlehngartenhaus und Anlehnger\u00e4tehaus<\/title>\n<meta name=\"description\" content=\"Anlehnh\u00e4user sind praktisch, denn sie ben\u00f6tigen wenig Platz und schlie\u00dfen direkt an eine freie Hauswand an.\" \/>\n<meta name=\"robots\" content=\"index, follow, max-snippet:-1, max-image-preview:large, max-video-preview:-1\" \/>\n<link rel=\"canonical\" href=\"https:\/\/www.gartenhaus.ch\/magazin\/das-anlehngartenhaus-und-anlehngeraetehaus\/\" \/>\n<meta property=\"og:locale\" content=\"de_DE\" \/>\n<meta property=\"og:type\" content=\"article\" \/>\n<meta property=\"og:title\" content=\"Das Anlehngartenhaus und Anlehnger\u00e4tehaus\" \/>\n<meta property=\"og:description\" content=\"Anlehnh\u00e4user sind praktisch, denn sie ben\u00f6tigen wenig Platz und schlie\u00dfen direkt an eine freie Hauswand an.\" \/>\n<meta property=\"og:url\" content=\"https:\/\/www.gartenhaus.ch\/magazin\/das-anlehngartenhaus-und-anlehngeraetehaus\/\" \/>\n<meta property=\"og:site_name\" content=\"Gartenhaus.com Magazin\" \/>\n<meta property=\"article:published_time\" content=\"2015-10-13T20:03:58+00:00\" \/>\n<meta property=\"article:modified_time\" content=\"2025-12-16T09:07:11+00:00\" \/>\n<meta property=\"og:image\" content=\"https:\/\/www.gartenhaus.ch\/magazin\/wp-content\/uploads\/2015\/10\/anlehngartenhaus-anlehngeraetehaus.jpg\" \/>\n\t<meta property=\"og:image:width\" content=\"675\" \/>\n\t<meta property=\"og:image:height\" content=\"513\" \/>\n<meta name=\"twitter:card\" content=\"summary\" \/>\n<script type=\"application\/ld+json\" class=\"yoast-schema-graph\">{\"@context\":\"https:\/\/schema.org\",\"@graph\":[{\"@type\":\"WebSite\",\"@id\":\"https:\/\/www.gartenhaus.ch\/magazin\/#website\",\"url\":\"https:\/\/www.gartenhaus.ch\/magazin\/\",\"name\":\"Gartenhaus.com Magazin\",\"description\":\"Dein Onlineshop rund um das Gartenhaus\",\"potentialAction\":[{\"@type\":\"SearchAction\",\"target\":\"https:\/\/www.gartenhaus.ch\/magazin\/?s={search_term_string}\",\"query-input\":\"required name=search_term_string\"}],\"inLanguage\":\"de-CH\"},{\"@type\":\"ImageObject\",\"@id\":\"https:\/\/www.gartenhaus.ch\/magazin\/das-anlehngartenhaus-und-anlehngeraetehaus\/#primaryimage\",\"inLanguage\":\"de-CH\",\"url\":\"https:\/\/www.gartenhaus.ch\/magazin\/wp-content\/uploads\/2015\/10\/anlehngartenhaus-anlehngeraetehaus.jpg\",\"width\":675,\"height\":513},{\"@type\":\"WebPage\",\"@id\":\"https:\/\/www.gartenhaus.ch\/magazin\/das-anlehngartenhaus-und-anlehngeraetehaus\/#webpage\",\"url\":\"https:\/\/www.gartenhaus.ch\/magazin\/das-anlehngartenhaus-und-anlehngeraetehaus\/\",\"name\":\"Das Anlehngartenhaus und Anlehnger\\u00e4tehaus\",\"isPartOf\":{\"@id\":\"https:\/\/www.gartenhaus.ch\/magazin\/#website\"},\"primaryImageOfPage\":{\"@id\":\"https:\/\/www.gartenhaus.ch\/magazin\/das-anlehngartenhaus-und-anlehngeraetehaus\/#primaryimage\"},\"datePublished\":\"2015-10-13T20:03:58+00:00\",\"dateModified\":\"2025-12-16T09:07:11+00:00\",\"author\":{\"@id\":\"https:\/\/www.gartenhaus.ch\/magazin\/#\/schema\/person\/704675e45f6141f524cacf02d730cb28\"},\"description\":\"Anlehnh\\u00e4user sind praktisch, denn sie ben\\u00f6tigen wenig Platz und schlie\\u00dfen direkt an eine freie Hauswand an.\",\"inLanguage\":\"de-CH\",\"potentialAction\":[{\"@type\":\"ReadAction\",\"target\":[\"https:\/\/www.gartenhaus.ch\/magazin\/das-anlehngartenhaus-und-anlehngeraetehaus\/\"]}]},{\"@type\":\"Person\",\"@id\":\"https:\/\/www.gartenhaus.ch\/magazin\/#\/schema\/person\/704675e45f6141f524cacf02d730cb28\",\"name\":\"cklinger\",\"image\":{\"@type\":\"ImageObject\",\"@id\":\"https:\/\/www.gartenhaus.ch\/magazin\/#personlogo\",\"inLanguage\":\"de-CH\",\"url\":\"https:\/\/secure.gravatar.com\/avatar\/e4c3d8dac67486da0cdc2cade43fb0ea3d9d5e57ee4a0b1c3ecb36429acd2acd?s=96&d=identicon&r=g\",\"caption\":\"cklinger\"}}]}<\/script>\n<!-- \/ Yoast SEO Premium plugin. -->","_links":{"self":[{"href":"https:\/\/www.gartenhaus.ch\/magazin\/wp-json\/wp\/v2\/posts\/44906","targetHints":{"allow":["GET"]}}],"collection":[{"href":"https:\/\/www.gartenhaus.ch\/magazin\/wp-json\/wp\/v2\/posts"}],"about":[{"href":"https:\/\/www.gartenhaus.ch\/magazin\/wp-json\/wp\/v2\/types\/post"}],"author":[{"embeddable":true,"href":"https:\/\/www.gartenhaus.ch\/magazin\/wp-json\/wp\/v2\/users\/3"}],"replies":[{"embeddable":true,"href":"https:\/\/www.gartenhaus.ch\/magazin\/wp-json\/wp\/v2\/comments?post=44906"}],"version-history":[{"count":0,"href":"https:\/\/www.gartenhaus.ch\/magazin\/wp-json\/wp\/v2\/posts\/44906\/revisions"}],"wp:featuredmedia":[{"embeddable":true,"href":"https:\/\/www.gartenhaus.ch\/magazin\/wp-json\/wp\/v2\/media\/23054"}],"wp:attachment":[{"href":"https:\/\/www.gartenhaus.ch\/magazin\/wp-json\/wp\/v2\/media?parent=44906"}],"wp:term":[{"taxonomy":"category","embeddable":true,"href":"https:\/\/www.gartenhaus.ch\/magazin\/wp-json\/wp\/v2\/categories?post=44906"},{"taxonomy":"post_tag","embeddable":true,"href":"https:\/\/www.gartenhaus.ch\/magazin\/wp-json\/wp\/v2\/tags?post=44906"}],"curies":[{"name":"wp","href":"https:\/\/api.w.org\/{rel}","templated":true}]}}