{"id":44810,"date":"2016-01-22T10:00:10","date_gmt":"2016-01-22T09:00:10","guid":{"rendered":"https:\/\/www.gartenhaus.com\/magazin\/beet-anlegen-inspirationen\/"},"modified":"2025-05-21T15:59:46","modified_gmt":"2025-05-21T13:59:46","slug":"beet-anlegen-inspirationen","status":"publish","type":"post","link":"https:\/\/www.gartenhaus.ch\/magazin\/beet-anlegen-inspirationen\/","title":{"rendered":"Naturstein, Holz oder Muschelkalk: Die inspirierende Gartenbeet-Vielfalt in Doris\u2018 Naturgarten"},"content":{"rendered":"<p>Das Fr\u00fchjahr ist nicht mehr allzu fern. Haben Sie schon Pl\u00e4ne f\u00fcr das kommende Gartenjahr gemacht? Vielleicht das Anlegen eines neuen Beetes? Wir stellen Ihnen einen Garten vor, der beweist, wie viel Abwechslung bei der Gartenbeetgestaltung m\u00f6glich ist!<!--more--><\/p>\n<h2>Aus einer Lehmw\u00fcste wird ein bl\u00fchender Garten<\/h2>\n<p>Vor ein paar Jahren bot ihr Garten noch einen ziemlich traurigen Anblick: Als Doris und Michael in ihr neugebautes Haus zogen, <em>\u201ewar die Fl\u00e4che ein einziger lehmiger Acker mit viel Unkraut und es war ganz sch\u00f6n frustrierend, dies eineinhalb Jahre lang anzusehen\u201c<\/em>. Mitte 2013 packten die beiden es an und begannen, ihren Garten anzulegen.<\/p>\n<p><img decoding=\"async\" class=\"alignnone size-full wp-image-4904\" src=\"\/magazin\/wp-content\/uploads\/2016\/01\/Lehmgarten.jpg\" alt=\"Garten vor der Gestaltung: nichts als Lehm\" width=\"800\" height=\"391\" srcset=\"https:\/\/www.gartenhaus.ch\/magazin\/wp-content\/uploads\/2016\/01\/Lehmgarten.jpg 800w, https:\/\/www.gartenhaus.ch\/magazin\/wp-content\/uploads\/2016\/01\/Lehmgarten-300x147.jpg 300w, https:\/\/www.gartenhaus.ch\/magazin\/wp-content\/uploads\/2016\/01\/Lehmgarten-675x330.jpg 675w\" sizes=\"(max-width: 800px) 100vw, 800px\" \/><\/p>\n<p>Heute ist Doris gl\u00fccklich, auf viel Gr\u00fcn und Natur blicken zu k\u00f6nnen<em>. \u201eEs macht viel Freude, zu jeder Jahreszeit die Entwicklung zu beobachten und selbst auch mitmachen zu k\u00f6nnen.\u201c<\/em><\/p>\n<p>Ein Blick durch das Gartentor l\u00e4sst bereits Vorfreude aufkommen:<\/p>\n<p><img decoding=\"async\" class=\"alignnone size-full wp-image-4879\" src=\"\/magazin\/wp-content\/uploads\/2016\/01\/Gartenblick.jpg\" alt=\"Blick durch das Gartentor\" width=\"800\" height=\"533\" srcset=\"https:\/\/www.gartenhaus.ch\/magazin\/wp-content\/uploads\/2016\/01\/Gartenblick.jpg 800w, https:\/\/www.gartenhaus.ch\/magazin\/wp-content\/uploads\/2016\/01\/Gartenblick-300x200.jpg 300w, https:\/\/www.gartenhaus.ch\/magazin\/wp-content\/uploads\/2016\/01\/Gartenblick-675x450.jpg 675w\" sizes=\"(max-width: 800px) 100vw, 800px\" \/><\/p>\n<p>Das Besondere an Doris\u2018 Garten sind seine sorgf\u00e4ltige, naturnahe Gestaltung und die Mischung aus Zier- und Nutzgarten. Die Gartenbeete, die Doris und Michael angelegt haben, erf\u00fcllen ganz unterschiedliche Zwecke: So gibt es Beete f\u00fcr Gem\u00fcse und Obst, Staudenbeete, einen Terrassengarten und klassische Blumenbeete. Uns hat Doris die verschiedenen Beete und ihre Gestaltung vorgestellt.<\/p>\n<h2>Hochbeete und Holzbeete im Gem\u00fcsegarten<\/h2>\n<p>Direkt vor dem schmucken Gartenhaus befindet sich Doris Gem\u00fcsegarten.<\/p>\n<p><img decoding=\"async\" class=\"alignnone size-full wp-image-4886\" src=\"\/magazin\/wp-content\/uploads\/2016\/01\/gemuesegarten-mit-gartenhaus.jpg\" alt=\"kleiner Gem\u00fcsegarten mit Holzbeeten\" width=\"800\" height=\"533\" srcset=\"https:\/\/www.gartenhaus.ch\/magazin\/wp-content\/uploads\/2016\/01\/gemuesegarten-mit-gartenhaus.jpg 800w, https:\/\/www.gartenhaus.ch\/magazin\/wp-content\/uploads\/2016\/01\/gemuesegarten-mit-gartenhaus-300x200.jpg 300w, https:\/\/www.gartenhaus.ch\/magazin\/wp-content\/uploads\/2016\/01\/gemuesegarten-mit-gartenhaus-675x450.jpg 675w\" sizes=\"(max-width: 800px) 100vw, 800px\" \/><\/p>\n<p>Die Gem\u00fcsebeete sind in Holzrahmen eingefasst. Doris Schwiegervater baute die rechteckigen K\u00e4sten aus L\u00e4rchenbrettern. Das Praktische an den ein bis zwei Bretter hohen Holzeinfassungen ist f\u00fcr Doris, dass so beim Gie\u00dfen die Erde nicht aus dem Beet geschwemmt wird. <em>\u201eUnd auch die Pflege gestaltet sich einfacher, da Beete und Wege klar abgegrenzt sind\u201c, <\/em>erkl\u00e4rt die leidenschaftliche G\u00e4rtnerin.<\/p>\n<p><img decoding=\"async\" class=\"alignnone size-full wp-image-4887\" src=\"\/magazin\/wp-content\/uploads\/2016\/01\/Gem\u00fcsegarten-Juli.jpg\" alt=\"Gem\u00fcsegarten mit Hochbeet\" width=\"800\" height=\"533\" srcset=\"https:\/\/www.gartenhaus.ch\/magazin\/wp-content\/uploads\/2016\/01\/Gem\u00fcsegarten-Juli.jpg 800w, https:\/\/www.gartenhaus.ch\/magazin\/wp-content\/uploads\/2016\/01\/Gem\u00fcsegarten-Juli-300x200.jpg 300w, https:\/\/www.gartenhaus.ch\/magazin\/wp-content\/uploads\/2016\/01\/Gem\u00fcsegarten-Juli-675x450.jpg 675w\" sizes=\"(max-width: 800px) 100vw, 800px\" \/><\/p>\n<p>F\u00fcr mehr Stabilit\u00e4t in den Gem\u00fcsebeeten sorgen 30-40 Zentimeter lange spitze Pf\u00e4hle, die jeweils in die vier Ecken des Holzbeets geschraubt und anschlie\u00dfend mitsamt dem Beet vorsichtig in den Boden geklopft wurden.<\/p>\n<p><img decoding=\"async\" class=\"alignnone size-full wp-image-4889\" src=\"\/magazin\/wp-content\/uploads\/2016\/01\/Gem\u00fcse-Holzbeet.jpg\" alt=\"Beet mit Holzeinfassung\" width=\"800\" height=\"533\" srcset=\"https:\/\/www.gartenhaus.ch\/magazin\/wp-content\/uploads\/2016\/01\/Gem\u00fcse-Holzbeet.jpg 800w, https:\/\/www.gartenhaus.ch\/magazin\/wp-content\/uploads\/2016\/01\/Gem\u00fcse-Holzbeet-300x200.jpg 300w, https:\/\/www.gartenhaus.ch\/magazin\/wp-content\/uploads\/2016\/01\/Gem\u00fcse-Holzbeet-675x450.jpg 675w\" sizes=\"(max-width: 800px) 100vw, 800px\" \/><\/p>\n<p>Die beiden <a href=\"https:\/\/www.gartenhaus.ch\/magazin\/hochbeet-bepflanzen-und-pflegen-die-besten-tipps-von-hobbygaertnern\/\">Hochbeete<\/a> im Gem\u00fcsegarten bestehen ebenfalls aus L\u00e4rchenbrettern und sind mit einer schichtartigen F\u00fcllung verschiedener Materialien versehen. Darin gedeihen verschiedene Sorten an Gem\u00fcse: M\u00f6hren, Zwiebeln, Radieschen, Kopfsalat, Kohlrabi.<\/p>\n<p><img decoding=\"async\" class=\"alignnone size-full wp-image-4891\" src=\"\/magazin\/wp-content\/uploads\/2016\/01\/Holz-Hochbeet.jpg\" alt=\"Gem\u00fcse-Hochbeet\" width=\"800\" height=\"533\" srcset=\"https:\/\/www.gartenhaus.ch\/magazin\/wp-content\/uploads\/2016\/01\/Holz-Hochbeet.jpg 800w, https:\/\/www.gartenhaus.ch\/magazin\/wp-content\/uploads\/2016\/01\/Holz-Hochbeet-300x200.jpg 300w, https:\/\/www.gartenhaus.ch\/magazin\/wp-content\/uploads\/2016\/01\/Holz-Hochbeet-675x450.jpg 675w\" sizes=\"(max-width: 800px) 100vw, 800px\" \/> <img decoding=\"async\" class=\"alignnone size-full wp-image-4888\" src=\"\/magazin\/wp-content\/uploads\/2016\/01\/Gem\u00fcse-Hochbeet.jpg\" alt=\"sommerliches Hochbeet\" width=\"800\" height=\"533\" srcset=\"https:\/\/www.gartenhaus.ch\/magazin\/wp-content\/uploads\/2016\/01\/Gem\u00fcse-Hochbeet.jpg 800w, https:\/\/www.gartenhaus.ch\/magazin\/wp-content\/uploads\/2016\/01\/Gem\u00fcse-Hochbeet-300x200.jpg 300w, https:\/\/www.gartenhaus.ch\/magazin\/wp-content\/uploads\/2016\/01\/Gem\u00fcse-Hochbeet-675x450.jpg 675w\" sizes=\"(max-width: 800px) 100vw, 800px\" \/><\/p>\n<p>Ein weiteres Beet, in dem Doris heute Kartoffeln anbaut, wurde mit runden Natur-Holzst\u00e4mmen eingefasst:<\/p>\n<p><img decoding=\"async\" class=\"alignnone size-full wp-image-4892\" src=\"\/magazin\/wp-content\/uploads\/2016\/01\/kartoffelbeet.jpg\" alt=\"Kartoffelbeet in Doris' Gem\u00fcsegarten\" width=\"800\" height=\"533\" srcset=\"https:\/\/www.gartenhaus.ch\/magazin\/wp-content\/uploads\/2016\/01\/kartoffelbeet.jpg 800w, https:\/\/www.gartenhaus.ch\/magazin\/wp-content\/uploads\/2016\/01\/kartoffelbeet-300x200.jpg 300w, https:\/\/www.gartenhaus.ch\/magazin\/wp-content\/uploads\/2016\/01\/kartoffelbeet-675x450.jpg 675w\" sizes=\"(max-width: 800px) 100vw, 800px\" \/><\/p>\n<p>Doris hat sich im Laufe der Zeit sehr viel Wissen um den Gem\u00fcseanbau angeeignet. So wei\u00df sie, wie wichtig es ist, <em>\u201e<\/em><em>dass die Erde im Gem\u00fcsegarten eine gute Mischung hat, mit dem passenden Anteil an Sand, Kompost und Mutterboden \u2013 manchmal auch unterschiedlich, je nachdem was man anbaut\u201c<\/em>. Entsprechend mussten sie und Michael auch den Lehmboden in ihrem Garten mit einer Schicht Mutterboden pr\u00e4parieren, bevor sie sich an das Anpflanzen machten.<\/p>\n<p>Direkt an der Terrasse wachsen die Tomaten in ihrem Beet mit Holzeinfassung:<\/p>\n<p><img decoding=\"async\" class=\"alignnone wp-image-4903 size-large\" src=\"https:\/\/www.gartenhaus.com\/magazin\/wp-content\/uploads\/2016\/01\/Tomatenbeet-2-1024x522.jpg\" alt=\"Tomaten am Strauch\" width=\"830\" height=\"423\" srcset=\"https:\/\/www.gartenhaus.ch\/magazin\/wp-content\/uploads\/2016\/01\/Tomatenbeet-2-1024x522.jpg 1024w, https:\/\/www.gartenhaus.ch\/magazin\/wp-content\/uploads\/2016\/01\/Tomatenbeet-2-300x153.jpg 300w, https:\/\/www.gartenhaus.ch\/magazin\/wp-content\/uploads\/2016\/01\/Tomatenbeet-2-675x344.jpg 675w, https:\/\/www.gartenhaus.ch\/magazin\/wp-content\/uploads\/2016\/01\/Tomatenbeet-2.jpg 1122w\" sizes=\"(max-width: 830px) 100vw, 830px\" \/><\/p>\n<p>Auch Paprika baut Doris an. Die Sorte \u201eBlack Beauty\u201c gedeiht auf der sonnigen Terrasse in gro\u00dfen T\u00f6pfen:<\/p>\n<p><img decoding=\"async\" class=\"alignnone size-full wp-image-4895\" src=\"\/magazin\/wp-content\/uploads\/2016\/01\/Paprika-Topf.jpg\" alt=\"Paprika im Topf ziehen\" width=\"800\" height=\"392\" srcset=\"https:\/\/www.gartenhaus.ch\/magazin\/wp-content\/uploads\/2016\/01\/Paprika-Topf.jpg 800w, https:\/\/www.gartenhaus.ch\/magazin\/wp-content\/uploads\/2016\/01\/Paprika-Topf-300x147.jpg 300w, https:\/\/www.gartenhaus.ch\/magazin\/wp-content\/uploads\/2016\/01\/Paprika-Topf-675x331.jpg 675w\" sizes=\"(max-width: 800px) 100vw, 800px\" \/><\/p>\n<h2>Beete mit Steineinfassung: Mauern aus Feldlesesteinen und Muschelkalk<\/h2>\n<p><img decoding=\"async\" class=\"alignnone size-full wp-image-4894\" src=\"\/magazin\/wp-content\/uploads\/2016\/01\/Natursteinbeet-Hang.jpg\" alt=\"Tulpen im Gartenbeet am Hang\" width=\"800\" height=\"400\" srcset=\"https:\/\/www.gartenhaus.ch\/magazin\/wp-content\/uploads\/2016\/01\/Natursteinbeet-Hang.jpg 800w, https:\/\/www.gartenhaus.ch\/magazin\/wp-content\/uploads\/2016\/01\/Natursteinbeet-Hang-300x150.jpg 300w, https:\/\/www.gartenhaus.ch\/magazin\/wp-content\/uploads\/2016\/01\/Natursteinbeet-Hang-675x338.jpg 675w\" sizes=\"(max-width: 800px) 100vw, 800px\" \/><\/p>\n<p>Die Steineinfassung vieler Beete ergab sich mit der Zeit. <em>\u201eW\u00e4hrend der Bauphase unseres Gartens haben wir die M\u00f6glichkeit bekommen, Feldlesesteine von einem Landwirt aus der Region zu erhalten, Sandsteine in verschiedenen Gr\u00f6\u00dfen und Formen.\u201c<\/em><\/p>\n<p>Aus den angelieferten Sandsteinen entstand ein erh\u00f6htes Beet mit Natursteinm\u00e4uerchen. Die Steine wurden locker und ohne M\u00f6rtel geschichtet. An die Rasenkante darunter haben Doris und Michael Granitsteine gesetzt:<\/p>\n<p><img decoding=\"async\" class=\"alignnone size-full wp-image-4878\" src=\"\/magazin\/wp-content\/uploads\/2016\/01\/Feldlesesteine.jpg\" alt=\"Sandsteine f\u00fcr die Beetumrandung und Natursteinmauer\" width=\"800\" height=\"389\" srcset=\"https:\/\/www.gartenhaus.ch\/magazin\/wp-content\/uploads\/2016\/01\/Feldlesesteine.jpg 800w, https:\/\/www.gartenhaus.ch\/magazin\/wp-content\/uploads\/2016\/01\/Feldlesesteine-300x146.jpg 300w, https:\/\/www.gartenhaus.ch\/magazin\/wp-content\/uploads\/2016\/01\/Feldlesesteine-675x328.jpg 675w\" sizes=\"(max-width: 800px) 100vw, 800px\" \/> <img decoding=\"async\" class=\"alignnone size-full wp-image-4873\" src=\"\/magazin\/wp-content\/uploads\/2016\/01\/Beet-Natursteineinfassung.jpg\" alt=\"Beete mit locker geschichteter Natursteinmauer\" width=\"800\" height=\"404\" srcset=\"https:\/\/www.gartenhaus.ch\/magazin\/wp-content\/uploads\/2016\/01\/Beet-Natursteineinfassung.jpg 800w, https:\/\/www.gartenhaus.ch\/magazin\/wp-content\/uploads\/2016\/01\/Beet-Natursteineinfassung-300x152.jpg 300w, https:\/\/www.gartenhaus.ch\/magazin\/wp-content\/uploads\/2016\/01\/Beet-Natursteineinfassung-675x341.jpg 675w\" sizes=\"(max-width: 800px) 100vw, 800px\" \/> <img decoding=\"async\" class=\"alignnone size-full wp-image-4901\" src=\"\/magazin\/wp-content\/uploads\/2016\/01\/Steinmauern.jpg\" alt=\"Gartenbeete mit Steineinfassung\" width=\"800\" height=\"384\" srcset=\"https:\/\/www.gartenhaus.ch\/magazin\/wp-content\/uploads\/2016\/01\/Steinmauern.jpg 800w, https:\/\/www.gartenhaus.ch\/magazin\/wp-content\/uploads\/2016\/01\/Steinmauern-300x144.jpg 300w, https:\/\/www.gartenhaus.ch\/magazin\/wp-content\/uploads\/2016\/01\/Steinmauern-675x324.jpg 675w\" sizes=\"(max-width: 800px) 100vw, 800px\" \/><\/p>\n<p><em>\u201eF\u00fcr die h\u00f6here Mauer unterhalb des Hangs haben wir rund 1,5 Tonnen Muschelkalksteine verwendet, die wir uns aus einem Natursteinwerk besorgt haben.\u201c<\/em><\/p>\n<p>Die Muschelkalkmauer unterm Hang im Jahr 2014:<\/p>\n<p><img decoding=\"async\" class=\"alignnone size-full wp-image-4893\" src=\"\/magazin\/wp-content\/uploads\/2016\/01\/muschelkalkmauer.jpg\" alt=\"Mauer aus Muschelkalk\" width=\"800\" height=\"533\" srcset=\"https:\/\/www.gartenhaus.ch\/magazin\/wp-content\/uploads\/2016\/01\/muschelkalkmauer.jpg 800w, https:\/\/www.gartenhaus.ch\/magazin\/wp-content\/uploads\/2016\/01\/muschelkalkmauer-300x200.jpg 300w, https:\/\/www.gartenhaus.ch\/magazin\/wp-content\/uploads\/2016\/01\/muschelkalkmauer-675x450.jpg 675w\" sizes=\"(max-width: 800px) 100vw, 800px\" \/><\/p>\n<p>So wird der Hang abgest\u00fctzt und zugleich sieht die Natursteinmauer entlang der Kieswege h\u00fcbsch aus:<\/p>\n<p><img decoding=\"async\" class=\"alignnone size-full wp-image-4900\" src=\"\/magazin\/wp-content\/uploads\/2016\/01\/Steinmauer.jpg\" alt=\"Naturstein-Mauer aus Feldlesesteinen s\u00e4umt den Gartenweg\" width=\"800\" height=\"462\" srcset=\"https:\/\/www.gartenhaus.ch\/magazin\/wp-content\/uploads\/2016\/01\/Steinmauer.jpg 800w, https:\/\/www.gartenhaus.ch\/magazin\/wp-content\/uploads\/2016\/01\/Steinmauer-300x173.jpg 300w, https:\/\/www.gartenhaus.ch\/magazin\/wp-content\/uploads\/2016\/01\/Steinmauer-675x390.jpg 675w\" sizes=\"(max-width: 800px) 100vw, 800px\" \/><\/p>\n<p>Im Laufe des Gartenanlegens haben immer mehr Steinmauern Einzug in den Garten gehalten. Doris findet es besonders sch\u00f6n, dass die Beete durch die Mauern ein St\u00fcck erh\u00f6ht sind: <em>\u201eDie Steinmauern gliedern somit den Garten und geben ihm Struktur. Zu unseren Weg- und Terrassenfl\u00e4chen aus hellem Schotter oder Kies passen sie auch optisch gut.\u201c<\/em><\/p>\n<p><img decoding=\"async\" class=\"alignnone size-full wp-image-4898\" src=\"\/magazin\/wp-content\/uploads\/2016\/01\/Sonnenblumen-Beet.jpg\" alt=\"Sonnenblumen in einem Beet am Hang\" width=\"800\" height=\"431\" srcset=\"https:\/\/www.gartenhaus.ch\/magazin\/wp-content\/uploads\/2016\/01\/Sonnenblumen-Beet.jpg 800w, https:\/\/www.gartenhaus.ch\/magazin\/wp-content\/uploads\/2016\/01\/Sonnenblumen-Beet-300x162.jpg 300w, https:\/\/www.gartenhaus.ch\/magazin\/wp-content\/uploads\/2016\/01\/Sonnenblumen-Beet-675x364.jpg 675w\" sizes=\"(max-width: 800px) 100vw, 800px\" \/><\/p>\n<p>Und auch die tierischen Gartenbewohner freuen sich \u00fcber die Steinmauern mit ihren Ritzen und L\u00fccken. Etwa diese Eidechse:<\/p>\n<p><img decoding=\"async\" class=\"alignnone size-full wp-image-4877\" src=\"\/magazin\/wp-content\/uploads\/2016\/01\/Eidechse.jpg\" alt=\"Die Eidechse f\u00fchlt sich wohl in der Natursteinmauer\" width=\"800\" height=\"533\" srcset=\"https:\/\/www.gartenhaus.ch\/magazin\/wp-content\/uploads\/2016\/01\/Eidechse.jpg 800w, https:\/\/www.gartenhaus.ch\/magazin\/wp-content\/uploads\/2016\/01\/Eidechse-300x200.jpg 300w, https:\/\/www.gartenhaus.ch\/magazin\/wp-content\/uploads\/2016\/01\/Eidechse-675x450.jpg 675w\" sizes=\"(max-width: 800px) 100vw, 800px\" \/><\/p>\n<h2>Der Terrassengarten: Beetabgrenzung mit Rundh\u00f6lzern<\/h2>\n<p><em>\u201eUnser Terrassengarten ist mit Rundh\u00f6lzern aus dem Baumarkt gebaut\u201c<\/em>, erz\u00e4hlt Doris.<em> \u201eZwischen die Rundh\u00f6lzer und die Erde haben wir Noppenbahn befestigt, damit die H\u00f6lzer hoffentlich langsamer verwittern.\u201c<\/em><\/p>\n<p>So sah der Terrassengarten im April 2014 aus:<\/p>\n<p><img decoding=\"async\" class=\"alignnone size-full wp-image-4902\" src=\"\/magazin\/wp-content\/uploads\/2016\/01\/terrassenbau.jpg\" alt=\"ein Terrassen-Beet anlegen\" width=\"800\" height=\"362\" srcset=\"https:\/\/www.gartenhaus.ch\/magazin\/wp-content\/uploads\/2016\/01\/terrassenbau.jpg 800w, https:\/\/www.gartenhaus.ch\/magazin\/wp-content\/uploads\/2016\/01\/terrassenbau-300x136.jpg 300w, https:\/\/www.gartenhaus.ch\/magazin\/wp-content\/uploads\/2016\/01\/terrassenbau-675x305.jpg 675w\" sizes=\"(max-width: 800px) 100vw, 800px\" \/><\/p>\n<p>Und so ein Jahr sp\u00e4ter:<\/p>\n<p><img decoding=\"async\" class=\"alignnone size-full wp-image-4890\" src=\"\/magazin\/wp-content\/uploads\/2016\/01\/Hangbeet.jpg\" alt=\"Terrassenbeet am Hang mit Rundh\u00f6lzern zur Abst\u00fctzung\" width=\"800\" height=\"363\" srcset=\"https:\/\/www.gartenhaus.ch\/magazin\/wp-content\/uploads\/2016\/01\/Hangbeet.jpg 800w, https:\/\/www.gartenhaus.ch\/magazin\/wp-content\/uploads\/2016\/01\/Hangbeet-300x136.jpg 300w, https:\/\/www.gartenhaus.ch\/magazin\/wp-content\/uploads\/2016\/01\/Hangbeet-675x306.jpg 675w\" sizes=\"(max-width: 800px) 100vw, 800px\" \/><\/p>\n<p><em>\u201eIn einer Ebene des Terrassengartens pflanze ich jedes Jahr Dahlien an, in der anderen Ebene waren zun\u00e4chst Erdbeeren, aber letztes Fr\u00fchjahr haben wir dort eine Hainbuchenhecke gesetzt und die Erdbeeren sind in den Gem\u00fcsegarten umgezogen.\u201c <\/em><\/p>\n<p><img decoding=\"async\" class=\"alignnone size-full wp-image-4871\" src=\"\/magazin\/wp-content\/uploads\/2016\/01\/beeren-und-blumengarten.jpg\" alt=\"Terrassenbeet am Hang von Doris Garten\" width=\"800\" height=\"533\" srcset=\"https:\/\/www.gartenhaus.ch\/magazin\/wp-content\/uploads\/2016\/01\/beeren-und-blumengarten.jpg 800w, https:\/\/www.gartenhaus.ch\/magazin\/wp-content\/uploads\/2016\/01\/beeren-und-blumengarten-300x200.jpg 300w, https:\/\/www.gartenhaus.ch\/magazin\/wp-content\/uploads\/2016\/01\/beeren-und-blumengarten-675x450.jpg 675w\" sizes=\"(max-width: 800px) 100vw, 800px\" \/><\/p>\n<h2>Das Schotterbeet<\/h2>\n<p><em> \u201e<\/em><em>Ein besonderes Beet ist <a href=\"http:\/\/domisgarten.blogspot.de\/search\/label\/Schotterbeet\">unser rundes Schotterbeet<\/a><\/em>\u201c, berichtet Doris. <em>\u201eIch habe viel \u00fcber die Naturgartengestaltung von Reinhard Witt gelesen und finde es eine tolle Sache. Da geht es um Fl\u00e4chen mit einem oftmals mageren Boden, auf dem viele heimische Wildblumen gedeihen. Die heimischen Pflanzen z\u00e4hlen zu meinen Favoriten, seien es die Wiesenglockenblume, die Felsennelke oder die Wilde M\u00f6hre und viele weitere.\u201c<\/em><\/p>\n<p><img decoding=\"async\" class=\"alignnone size-full wp-image-4897\" src=\"\/magazin\/wp-content\/uploads\/2016\/01\/Schotterbeet.jpg\" alt=\"ein Schotterbeet anlegen\" width=\"800\" height=\"389\" srcset=\"https:\/\/www.gartenhaus.ch\/magazin\/wp-content\/uploads\/2016\/01\/Schotterbeet.jpg 800w, https:\/\/www.gartenhaus.ch\/magazin\/wp-content\/uploads\/2016\/01\/Schotterbeet-300x146.jpg 300w, https:\/\/www.gartenhaus.ch\/magazin\/wp-content\/uploads\/2016\/01\/Schotterbeet-675x328.jpg 675w\" sizes=\"(max-width: 800px) 100vw, 800px\" \/><\/p>\n<h2>Das Gartenhaus<\/h2>\n<p><img decoding=\"async\" class=\"alignnone wp-image-4880 size-large\" src=\"https:\/\/www.gartenhaus.com\/magazin\/wp-content\/uploads\/2016\/01\/Gartengestaltung-1024x492.jpg\" alt=\"Gartenhaus Karibu in Doris' liebevoll angelegten Garten\" width=\"830\" height=\"399\" srcset=\"https:\/\/www.gartenhaus.ch\/magazin\/wp-content\/uploads\/2016\/01\/Gartengestaltung-1024x492.jpg 1024w, https:\/\/www.gartenhaus.ch\/magazin\/wp-content\/uploads\/2016\/01\/Gartengestaltung-300x144.jpg 300w, https:\/\/www.gartenhaus.ch\/magazin\/wp-content\/uploads\/2016\/01\/Gartengestaltung-675x324.jpg 675w, https:\/\/www.gartenhaus.ch\/magazin\/wp-content\/uploads\/2016\/01\/Gartengestaltung.jpg 1172w\" sizes=\"(max-width: 830px) 100vw, 830px\" \/><\/p>\n<p>In Doris&#8216; Garten darf auch ein kleiner, feiner R\u00fcckzugsort nicht fehlen. Ihr <a href=\"\/gartenhaeuser\/karibu-gartenhaeuser\">Karibu-Gartenhaus<\/a> hinterm Gem\u00fcsegarten haben sie und Michael <em>\u201elichtgrau gestrichen, mit wei\u00dfen Fenstern und Sprossen\u201c.<\/em><\/p>\n<p>So sah das Gartenhaus 2013 aus, damals noch ohne Pflanzenpracht:<\/p>\n<p><img decoding=\"async\" class=\"alignnone size-full wp-image-4906\" src=\"\/magazin\/wp-content\/uploads\/2016\/01\/Karibu-hellgrau.jpg\" alt=\"Karibu-Gartenhaus in hellgrau-wei\u00dfem Anstrich\" width=\"800\" height=\"596\" srcset=\"https:\/\/www.gartenhaus.ch\/magazin\/wp-content\/uploads\/2016\/01\/Karibu-hellgrau.jpg 800w, https:\/\/www.gartenhaus.ch\/magazin\/wp-content\/uploads\/2016\/01\/Karibu-hellgrau-300x224.jpg 300w, https:\/\/www.gartenhaus.ch\/magazin\/wp-content\/uploads\/2016\/01\/Karibu-hellgrau-675x503.jpg 675w\" sizes=\"(max-width: 800px) 100vw, 800px\" \/><\/p>\n<p>Mittlerweile gr\u00fcnt und bl\u00fcht es rund um das Gartenhaus. Im Sommer rankt sich die schwarz\u00e4ugige Susanne fr\u00f6hlich empor und auch die Sonnenblumen f\u00fchlen sich hier sichtlich wohl. An eine Holzleiter hat Doris kleine Eimer mit Geranien geh\u00e4ngt \u2013 eine h\u00fcbsche Alternative zu klassischen Blumenk\u00e4sten.<\/p>\n<p><img decoding=\"async\" class=\"alignnone wp-image-4881 size-large\" src=\"https:\/\/www.gartenhaus.com\/magazin\/wp-content\/uploads\/2016\/01\/gartenhaus-1024x493.jpg\" alt=\"Karibu Gartenhaus in hellgrau-wei\u00dfem Anstrich\" width=\"830\" height=\"400\" srcset=\"https:\/\/www.gartenhaus.ch\/magazin\/wp-content\/uploads\/2016\/01\/gartenhaus-1024x493.jpg 1024w, https:\/\/www.gartenhaus.ch\/magazin\/wp-content\/uploads\/2016\/01\/gartenhaus-300x144.jpg 300w, https:\/\/www.gartenhaus.ch\/magazin\/wp-content\/uploads\/2016\/01\/gartenhaus-675x325.jpg 675w, https:\/\/www.gartenhaus.ch\/magazin\/wp-content\/uploads\/2016\/01\/gartenhaus.jpg 1496w\" sizes=\"(max-width: 830px) 100vw, 830px\" \/><\/p>\n<p>Vor dem Gartenhaus befindet sich der Gem\u00fcsegarten mit seinen Hochbeeten, den Stangenbohnen und Blumenbeeten mit Steineinfassung.<\/p>\n<p><img decoding=\"async\" class=\"alignnone wp-image-4882 size-large\" src=\"https:\/\/www.gartenhaus.com\/magazin\/wp-content\/uploads\/2016\/01\/gartenhaus-gem\u00fcsegarten-1024x434.jpg\" alt=\"Gen\u00fcsebeete und Gartenhaus\" width=\"830\" height=\"352\" srcset=\"https:\/\/www.gartenhaus.ch\/magazin\/wp-content\/uploads\/2016\/01\/gartenhaus-gem\u00fcsegarten-1024x434.jpg 1024w, https:\/\/www.gartenhaus.ch\/magazin\/wp-content\/uploads\/2016\/01\/gartenhaus-gem\u00fcsegarten-300x127.jpg 300w, https:\/\/www.gartenhaus.ch\/magazin\/wp-content\/uploads\/2016\/01\/gartenhaus-gem\u00fcsegarten-675x286.jpg 675w, https:\/\/www.gartenhaus.ch\/magazin\/wp-content\/uploads\/2016\/01\/gartenhaus-gem\u00fcsegarten.jpg 1330w\" sizes=\"(max-width: 830px) 100vw, 830px\" \/><\/p>\n<p>F\u00fcr das Gartenjahr 2016 \u00fcberlegt sie allerdings, eine Pergola anzuschaffen und diese im Gem\u00fcsegarten aufzustellen. Auch Rosenb\u00f6gen f\u00fcr ihre Kletterrosen stehen auf Doris&#8216; Gartenplan.<\/p>\n<h2>R\u00fcckblick auf zweieinhalb Jahre Gartengestaltung<\/h2>\n<p>Wenn man bedenkt, dass Doris\u2018 Garten vor gar nicht allzu langer Zeit nichts weiter als eine lehmige Fl\u00e4che war, ist es faszinierend, zu sehen, wie sie in zweieinhalb Jahren ein echtes Paradies daraus geschaffen hat.<\/p>\n<p><img decoding=\"async\" class=\"alignnone size-full wp-image-4876\" src=\"\/magazin\/wp-content\/uploads\/2016\/01\/DoMis-Garten.jpg\" alt=\"liebevolle Gartengestaltung bei domisgarten.blogspot.de\" width=\"800\" height=\"400\" srcset=\"https:\/\/www.gartenhaus.ch\/magazin\/wp-content\/uploads\/2016\/01\/DoMis-Garten.jpg 800w, https:\/\/www.gartenhaus.ch\/magazin\/wp-content\/uploads\/2016\/01\/DoMis-Garten-300x150.jpg 300w, https:\/\/www.gartenhaus.ch\/magazin\/wp-content\/uploads\/2016\/01\/DoMis-Garten-675x338.jpg 675w\" sizes=\"(max-width: 800px) 100vw, 800px\" \/><\/p>\n<p><em>\u201eAm Anfang hatte ich immer Sorge, etwas falsch zu machen, weil ich das Gef\u00fchl hatte, ich kenne mich gar nicht aus\u201c, <\/em>erz\u00e4hlt Doris.<em> \u201eAber mittlerweile merke ich, dass ich da viel lockerer werde und einfach mit dem Wissen, das ich mir angeeignet habe, ausprobiere und bei letzten Zweifeln meinem Gef\u00fchl vertraue. Wenn etwas dann nicht funktioniert \u2013 sei es, dass die Pflanze nicht gut w\u00e4chst oder es einen Sch\u00e4dlingsbefall gibt \u2013 dann beobachte ich, hinterfrage und informiere mich dazu. Man lernt so viel mit der Zeit.\u201c<\/em><\/p>\n<p>Wenn Sie nach all den Inspirationen aus Doris\u2018 Garten \u00fcberlegen, Ihre eigenen Gartenbeete neu zu gestalten, kommen unsere Lesetipps gerade recht:<\/p>\n<ul>\n<li><a href=\"https:\/\/www.gartenhaus.ch\/magazin\/gartenideen-fuer-wenig-geld\/\">Gro\u00dfes Gartengl\u00fcck mit kleinem Aufwand: Elkes Null-Euro-Beet<\/a><\/li>\n<li><a href=\"https:\/\/www.gartenhaus.ch\/magazin\/hochbeet-bepflanzen-und-pflegen-die-besten-tipps-von-hobbygaertnern\/\">Hochbeete bepflanzen und pflegen: Die besten Tipps von Hobbyg\u00e4rtnern<\/a><\/li>\n<li><a href=\"https:\/\/www.gartenhaus.ch\/magazin\/aussaatkalender\/\">Pflanzenkalender: Der Aussaatkalender f\u00fcr Ihren Garten<\/a><\/li>\n<\/ul>\n<p><strong>Wir bedanken uns bei Doris sehr herzlich f\u00fcr die inspirierenden Einblicke in ihren Garten!<\/strong><\/p>\n<div class=\"su-box su-box-style-default\" id=\"\" style=\"border-color:#cc0033;border-radius:3px;max-width:none\"><div class=\"su-box-title\" style=\"background-color:#ff0066;color:#FFFFFF;border-top-left-radius:1px;border-top-right-radius:1px\">\u00dcber Doris und ihr naturverbundenes Gartenparadies <\/div><div class=\"su-box-content su-u-clearfix su-u-trim\" style=\"border-bottom-left-radius:1px;border-bottom-right-radius:1px\">\n<p><img decoding=\"async\" class=\" size-medium wp-image-4896 alignleft\" src=\"\/magazin\/wp-content\/uploads\/2016\/01\/Portrait-2-212x300.jpg\" alt=\"Doris von DoMis Garten\" width=\"212\" height=\"300\" srcset=\"https:\/\/www.gartenhaus.ch\/magazin\/wp-content\/uploads\/2016\/01\/Portrait-2-212x300.jpg 212w, https:\/\/www.gartenhaus.ch\/magazin\/wp-content\/uploads\/2016\/01\/Portrait-2.jpg 565w\" sizes=\"(max-width: 212px) 100vw, 212px\" \/>Die Liebe zur Natur und das G\u00e4rtnern wurde Doris von ihren Eltern in die Wiege gelegt. Als Kind genoss sie den Garten vor allem als Spielbereich und liebte es, <em>\u201eim Vorbeigehen von den Walderdbeeren, Himbeeren und Erbsen zu naschen\u201c<\/em>. F\u00fcr Doris war damals schon klar, dass sie sp\u00e4ter einen eigenen Garten haben wollte, <em>\u201eweil das Gr\u00fcn ums Haus herum in vielerlei Hinsicht einfach sch\u00f6n ist\u201c<\/em>. Mittlerweile ist sie tats\u00e4chlich G\u00e4rtnerin mit Leib und Seele, und ihr Garten ist f\u00fcr <em>sie \u201eUrlaub, Erholung, Freizeit und Ausgleich\u201c<\/em>.<\/p>\n<p>Doris liebt es, das Wachsen und Werden in ihrem Garten das ganze Jahr hindurch zu beobachten. Viel Freude haben sie und ihr Mann Michael auch an den tierischen Mitbewohnern \u2013 und diese k\u00f6nnen sich in dem naturnahen Garten auch richtig wohlf\u00fchlen: Insektenhotels, Steinhaufen oder Totholzbereiche bieten den Gartentieren Nahrung und einen sicheren Unterschlupf.<\/p>\n<p>Von ihren Gartenerlebnissen berichtet Doris seit \u00fcber zwei Jahren auf ihrem Blog <a href=\"http:\/\/domisgarten.blogspot.de\/\" target=\"_blank\" rel=\"noopener\">domisgarten.blogspot.de<\/a>, \u00fcber den sie sich mit anderen Gartenbegeisterten austauscht.<\/p>\n<\/div><\/div>\n<p>***<\/p>\n<p><small><strong>Bilder<\/strong>: \u00a9 domisgarten.blogspot.de<\/small><\/p>\n<div class=\"shariff shariff-align-center shariff-widget-align-flex-start\" style=\"display:none\" data-services=\"facebook%7Cpinterest\" data-url=\"https%3A%2F%2Fwww.gartenhaus.ch%2Fmagazin%2Fbeet-anlegen-inspirationen%2F\" data-timestamp=\"1747843186\" data-hidezero=\"1\" data-backendurl=\"https:\/\/www.gartenhaus.ch\/magazin\/wp-json\/shariff\/v1\/share_counts?\"><div class=\"ShariffHeadline\">Teile diesen Beitrag<\/div><ul class=\"shariff-buttons theme-white orientation-horizontal buttonsize-medium\"><li class=\"shariff-button facebook shariff-nocustomcolor\" style=\"background-color:#4273c8\"><a href=\"https:\/\/www.facebook.com\/sharer\/sharer.php?u=https%3A%2F%2Fwww.gartenhaus.ch%2Fmagazin%2Fbeet-anlegen-inspirationen%2F\" title=\"Bei Facebook teilen\" aria-label=\"Bei Facebook teilen\" role=\"button\" rel=\"nofollow\" class=\"shariff-link\" style=\"; background-color:#3b5998; color:#3b5998\" target=\"_blank\"><span class=\"shariff-icon\" style=\"fill:#3b5998\"><svg width=\"32px\" height=\"20px\" xmlns=\"http:\/\/www.w3.org\/2000\/svg\" viewBox=\"0 0 18 32\"><path fill=\"#3b5998\" d=\"M17.1 0.2v4.7h-2.8q-1.5 0-2.1 0.6t-0.5 1.9v3.4h5.2l-0.7 5.3h-4.5v13.6h-5.5v-13.6h-4.5v-5.3h4.5v-3.9q0-3.3 1.9-5.2t5-1.8q2.6 0 4.1 0.2z\"\/><\/svg><\/span><span class=\"shariff-text\" style=\"color:#3b5998\">teilen<\/span>&nbsp;<span data-service=\"facebook\" style=\"color:#3b5998\" class=\"shariff-count shariff-hidezero\"><\/span>&nbsp;<\/a><\/li><li class=\"shariff-button twitter shariff-nocustomcolor\" style=\"background-color:#595959\"><a href=\"https:\/\/twitter.com\/share?url=https%3A%2F%2Fwww.gartenhaus.ch%2Fmagazin%2Fbeet-anlegen-inspirationen%2F&text=Naturstein%2C%20Holz%20oder%20Muschelkalk%3A%20Die%20inspirierende%20Gartenbeet-Vielfalt%20in%20Doris%E2%80%98%20Naturgarten\" title=\"Bei X teilen\" aria-label=\"Bei X teilen\" role=\"button\" rel=\"noopener nofollow\" class=\"shariff-link\" style=\"; background-color:#000; color:#000\" target=\"_blank\"><span class=\"shariff-icon\" style=\"fill:#000\"><svg width=\"32px\" height=\"20px\" xmlns=\"http:\/\/www.w3.org\/2000\/svg\" viewBox=\"0 0 24 24\"><path fill=\"#000\" d=\"M14.258 10.152L23.176 0h-2.113l-7.747 8.813L7.133 0H0l9.352 13.328L0 23.973h2.113l8.176-9.309 6.531 9.309h7.133zm-2.895 3.293l-.949-1.328L2.875 1.56h3.246l6.086 8.523.945 1.328 7.91 11.078h-3.246zm0 0\"\/><\/svg><\/span><span class=\"shariff-text\" style=\"color:#000\">teilen<\/span>&nbsp;<\/a><\/li><li class=\"shariff-button pinterest shariff-nocustomcolor\" style=\"background-color:#e70f18\"><a href=\"https:\/\/www.pinterest.com\/pin\/create\/link\/?url=https%3A%2F%2Fwww.gartenhaus.ch%2Fmagazin%2Fbeet-anlegen-inspirationen%2F&media=https%3A%2F%2Fwww.gartenhaus.ch%2Fmagazin%2Fwp-content%2Fuploads%2F2016%2F01%2FCollage-Beete.jpg&description=Naturstein%2C%20Holz%20oder%20Muschelkalk%3A%20Die%20inspirierende%20Gartenbeet-Vielfalt%20in%20Doris%E2%80%98%20Naturgarten\" title=\"Bei Pinterest pinnen\" aria-label=\"Bei Pinterest pinnen\" role=\"button\" rel=\"noopener nofollow\" class=\"shariff-link\" style=\"; background-color:#cb2027; color:#cb2027\" target=\"_blank\"><span class=\"shariff-icon\" style=\"fill:#cb2027\"><svg width=\"32px\" height=\"20px\" xmlns=\"http:\/\/www.w3.org\/2000\/svg\" viewBox=\"0 0 27 32\"><path fill=\"#cb2027\" d=\"M27.4 16q0 3.7-1.8 6.9t-5 5-6.9 1.9q-2 0-3.9-0.6 1.1-1.7 1.4-2.9 0.2-0.6 1-3.8 0.4 0.7 1.3 1.2t2 0.5q2.1 0 3.8-1.2t2.7-3.4 0.9-4.8q0-2-1.1-3.8t-3.1-2.9-4.5-1.2q-1.9 0-3.5 0.5t-2.8 1.4-2 2-1.2 2.3-0.4 2.4q0 1.9 0.7 3.3t2.1 2q0.5 0.2 0.7-0.4 0-0.1 0.1-0.5t0.2-0.5q0.1-0.4-0.2-0.8-0.9-1.1-0.9-2.7 0-2.7 1.9-4.6t4.9-2q2.7 0 4.2 1.5t1.5 3.8q0 3-1.2 5.2t-3.1 2.1q-1.1 0-1.7-0.8t-0.4-1.9q0.1-0.6 0.5-1.7t0.5-1.8 0.2-1.4q0-0.9-0.5-1.5t-1.4-0.6q-1.1 0-1.9 1t-0.8 2.6q0 1.3 0.4 2.2l-1.8 7.5q-0.3 1.2-0.2 3.2-3.7-1.6-6-5t-2.3-7.6q0-3.7 1.9-6.9t5-5 6.9-1.9 6.9 1.9 5 5 1.8 6.9z\"\/><\/svg><\/span><span class=\"shariff-text\" style=\"color:#cb2027\">merken<\/span>&nbsp;<span data-service=\"pinterest\" style=\"color:#cb2027\" class=\"shariff-count\"> 3<\/span>&nbsp;<\/a><\/li><li class=\"shariff-button whatsapp shariff-nocustomcolor\" style=\"background-color:#5cbe4a\"><a href=\"https:\/\/api.whatsapp.com\/send?text=https%3A%2F%2Fwww.gartenhaus.ch%2Fmagazin%2Fbeet-anlegen-inspirationen%2F%20Naturstein%2C%20Holz%20oder%20Muschelkalk%3A%20Die%20inspirierende%20Gartenbeet-Vielfalt%20in%20Doris%E2%80%98%20Naturgarten\" title=\"Bei Whatsapp teilen\" aria-label=\"Bei Whatsapp teilen\" role=\"button\" rel=\"noopener nofollow\" class=\"shariff-link\" style=\"; background-color:#34af23; color:#34af23\" target=\"_blank\"><span class=\"shariff-icon\" style=\"fill:#34af23\"><svg width=\"32px\" height=\"20px\" xmlns=\"http:\/\/www.w3.org\/2000\/svg\" viewBox=\"0 0 32 32\"><path fill=\"#34af23\" d=\"M17.6 17.4q0.2 0 1.7 0.8t1.6 0.9q0 0.1 0 0.3 0 0.6-0.3 1.4-0.3 0.7-1.3 1.2t-1.8 0.5q-1 0-3.4-1.1-1.7-0.8-3-2.1t-2.6-3.3q-1.3-1.9-1.3-3.5v-0.1q0.1-1.6 1.3-2.8 0.4-0.4 0.9-0.4 0.1 0 0.3 0t0.3 0q0.3 0 0.5 0.1t0.3 0.5q0.1 0.4 0.6 1.6t0.4 1.3q0 0.4-0.6 1t-0.6 0.8q0 0.1 0.1 0.3 0.6 1.3 1.8 2.4 1 0.9 2.7 1.8 0.2 0.1 0.4 0.1 0.3 0 1-0.9t0.9-0.9zM14 26.9q2.3 0 4.3-0.9t3.6-2.4 2.4-3.6 0.9-4.3-0.9-4.3-2.4-3.6-3.6-2.4-4.3-0.9-4.3 0.9-3.6 2.4-2.4 3.6-0.9 4.3q0 3.6 2.1 6.6l-1.4 4.2 4.3-1.4q2.8 1.9 6.2 1.9zM14 2.2q2.7 0 5.2 1.1t4.3 2.9 2.9 4.3 1.1 5.2-1.1 5.2-2.9 4.3-4.3 2.9-5.2 1.1q-3.5 0-6.5-1.7l-7.4 2.4 2.4-7.2q-1.9-3.2-1.9-6.9 0-2.7 1.1-5.2t2.9-4.3 4.3-2.9 5.2-1.1z\"\/><\/svg><\/span><span class=\"shariff-text\" style=\"color:#34af23\">teilen<\/span>&nbsp;<\/a><\/li><li class=\"shariff-button rss shariff-nocustomcolor\" style=\"background-color:#ff8c00\"><a href=\"\/magazin\/feed\/\" title=\"RSS-feed\" aria-label=\"RSS-feed\" role=\"button\" class=\"shariff-link\" style=\"; background-color:#fe9312; color:#fe9312\" target=\"_blank\"><span class=\"shariff-icon\" style=\"fill:#fe9312\"><svg width=\"32px\" height=\"20px\" xmlns=\"http:\/\/www.w3.org\/2000\/svg\" viewBox=\"0 0 32 32\"><path fill=\"#fe9312\" d=\"M4.3 23.5c-2.3 0-4.3 1.9-4.3 4.3 0 2.3 1.9 4.2 4.3 4.2 2.4 0 4.3-1.9 4.3-4.2 0-2.3-1.9-4.3-4.3-4.3zM0 10.9v6.1c4 0 7.7 1.6 10.6 4.4 2.8 2.8 4.4 6.6 4.4 10.6h6.2c0-11.7-9.5-21.1-21.1-21.1zM0 0v6.1c14.2 0 25.8 11.6 25.8 25.9h6.2c0-17.6-14.4-32-32-32z\"\/><\/svg><\/span><span class=\"shariff-text\" style=\"color:#fe9312\">RSS-feed<\/span>&nbsp;<\/a><\/li><li class=\"shariff-button mailto shariff-nocustomcolor\" style=\"background-color:#a8a8a8\"><a href=\"mailto:?body=https%3A%2F%2Fwww.gartenhaus.ch%2Fmagazin%2Fbeet-anlegen-inspirationen%2F&subject=Naturstein%2C%20Holz%20oder%20Muschelkalk%3A%20Die%20inspirierende%20Gartenbeet-Vielfalt%20in%20Doris%E2%80%98%20Naturgarten\" title=\"Per E-Mail versenden\" aria-label=\"Per E-Mail versenden\" role=\"button\" rel=\"noopener nofollow\" class=\"shariff-link\" style=\"; background-color:#999; color:#999\"><span class=\"shariff-icon\" style=\"fill:#999\"><svg width=\"32px\" height=\"20px\" xmlns=\"http:\/\/www.w3.org\/2000\/svg\" viewBox=\"0 0 32 32\"><path fill=\"#999\" d=\"M32 12.7v14.2q0 1.2-0.8 2t-2 0.9h-26.3q-1.2 0-2-0.9t-0.8-2v-14.2q0.8 0.9 1.8 1.6 6.5 4.4 8.9 6.1 1 0.8 1.6 1.2t1.7 0.9 2 0.4h0.1q0.9 0 2-0.4t1.7-0.9 1.6-1.2q3-2.2 8.9-6.1 1-0.7 1.8-1.6zM32 7.4q0 1.4-0.9 2.7t-2.2 2.2q-6.7 4.7-8.4 5.8-0.2 0.1-0.7 0.5t-1 0.7-0.9 0.6-1.1 0.5-0.9 0.2h-0.1q-0.4 0-0.9-0.2t-1.1-0.5-0.9-0.6-1-0.7-0.7-0.5q-1.6-1.1-4.7-3.2t-3.6-2.6q-1.1-0.7-2.1-2t-1-2.5q0-1.4 0.7-2.3t2.1-0.9h26.3q1.2 0 2 0.8t0.9 2z\"\/><\/svg><\/span><span class=\"shariff-text\" style=\"color:#999\">E-Mail<\/span>&nbsp;<\/a><\/li><\/ul><\/div>","protected":false},"excerpt":{"rendered":"<p>Das Fr\u00fchjahr ist nicht mehr allzu fern. Haben Sie schon Pl\u00e4ne f\u00fcr das kommende Gartenjahr gemacht? Vielleicht das Anlegen eines neuen Beetes? Wir stellen Ihnen einen Garten vor, der beweist, wie viel Abwechslung bei der Gartenbeetgestaltung m\u00f6glich ist!<\/p>\n","protected":false},"author":2,"featured_media":24416,"comment_status":"open","ping_status":"closed","sticky":false,"template":"","format":"standard","meta":{"footnotes":""},"categories":[5956],"tags":[5935,5918],"class_list":["post-44810","post","type-post","status-publish","format-standard","has-post-thumbnail","hentry","category-garten-tipps","tag-gartenhaeuser","tag-mein-garten"],"yoast_head":"<!-- This site is optimized with the Yoast SEO Premium plugin v15.0 - https:\/\/yoast.com\/wordpress\/plugins\/seo\/ -->\n<title>Beete anlegen: Inspirationen f\u00fcr Ihre Gartengestaltung<\/title>\n<meta name=\"description\" content=\"Sie wollen ein Beet neu anlegen? Holen Sie sich hier Ideen f\u00fcr Ihre Beetgestaltung, vom Hochbeet bis zur Natursteinmauer!\" \/>\n<meta name=\"robots\" content=\"index, follow, max-snippet:-1, max-image-preview:large, max-video-preview:-1\" \/>\n<link rel=\"canonical\" href=\"https:\/\/www.gartenhaus.ch\/magazin\/beet-anlegen-inspirationen\/\" \/>\n<meta property=\"og:locale\" content=\"de_DE\" \/>\n<meta property=\"og:type\" content=\"article\" \/>\n<meta property=\"og:title\" content=\"Beete anlegen: Inspirationen f\u00fcr Ihre Gartengestaltung\" \/>\n<meta property=\"og:description\" content=\"Sie wollen ein Beet neu anlegen? Holen Sie sich hier Ideen f\u00fcr Ihre Beetgestaltung, vom Hochbeet bis zur Natursteinmauer!\" \/>\n<meta property=\"og:url\" content=\"https:\/\/www.gartenhaus.ch\/magazin\/beet-anlegen-inspirationen\/\" \/>\n<meta property=\"og:site_name\" content=\"Gartenhaus.com Magazin\" \/>\n<meta property=\"article:published_time\" content=\"2016-01-22T09:00:10+00:00\" \/>\n<meta property=\"article:modified_time\" content=\"2025-05-21T13:59:46+00:00\" \/>\n<meta property=\"og:image\" content=\"https:\/\/www.gartenhaus.ch\/magazin\/wp-content\/uploads\/2016\/01\/Collage-Beete.jpg\" \/>\n\t<meta property=\"og:image:width\" content=\"800\" \/>\n\t<meta property=\"og:image:height\" content=\"435\" \/>\n<meta name=\"twitter:card\" content=\"summary\" \/>\n<script type=\"application\/ld+json\" class=\"yoast-schema-graph\">{\"@context\":\"https:\/\/schema.org\",\"@graph\":[{\"@type\":\"WebSite\",\"@id\":\"https:\/\/www.gartenhaus.ch\/magazin\/#website\",\"url\":\"https:\/\/www.gartenhaus.ch\/magazin\/\",\"name\":\"Gartenhaus.com Magazin\",\"description\":\"Dein Onlineshop rund um das Gartenhaus\",\"potentialAction\":[{\"@type\":\"SearchAction\",\"target\":\"https:\/\/www.gartenhaus.ch\/magazin\/?s={search_term_string}\",\"query-input\":\"required name=search_term_string\"}],\"inLanguage\":\"de-CH\"},{\"@type\":\"ImageObject\",\"@id\":\"https:\/\/www.gartenhaus.ch\/magazin\/beet-anlegen-inspirationen\/#primaryimage\",\"inLanguage\":\"de-CH\",\"url\":\"https:\/\/www.gartenhaus.ch\/magazin\/wp-content\/uploads\/2016\/01\/Collage-Beete.jpg\",\"width\":800,\"height\":435},{\"@type\":\"WebPage\",\"@id\":\"https:\/\/www.gartenhaus.ch\/magazin\/beet-anlegen-inspirationen\/#webpage\",\"url\":\"https:\/\/www.gartenhaus.ch\/magazin\/beet-anlegen-inspirationen\/\",\"name\":\"Beete anlegen: Inspirationen f\\u00fcr Ihre Gartengestaltung\",\"isPartOf\":{\"@id\":\"https:\/\/www.gartenhaus.ch\/magazin\/#website\"},\"primaryImageOfPage\":{\"@id\":\"https:\/\/www.gartenhaus.ch\/magazin\/beet-anlegen-inspirationen\/#primaryimage\"},\"datePublished\":\"2016-01-22T09:00:10+00:00\",\"dateModified\":\"2025-05-21T13:59:46+00:00\",\"author\":{\"@id\":\"https:\/\/www.gartenhaus.ch\/magazin\/#\/schema\/person\/5b9bfc960f102bc5fc6ef396333e26a8\"},\"description\":\"Sie wollen ein Beet neu anlegen? Holen Sie sich hier Ideen f\\u00fcr Ihre Beetgestaltung, vom Hochbeet bis zur Natursteinmauer!\",\"inLanguage\":\"de-CH\",\"potentialAction\":[{\"@type\":\"ReadAction\",\"target\":[\"https:\/\/www.gartenhaus.ch\/magazin\/beet-anlegen-inspirationen\/\"]}]},{\"@type\":\"Person\",\"@id\":\"https:\/\/www.gartenhaus.ch\/magazin\/#\/schema\/person\/5b9bfc960f102bc5fc6ef396333e26a8\",\"name\":\"gartenhausgmbh\",\"image\":{\"@type\":\"ImageObject\",\"@id\":\"https:\/\/www.gartenhaus.ch\/magazin\/#personlogo\",\"inLanguage\":\"de-CH\",\"url\":\"https:\/\/secure.gravatar.com\/avatar\/0c29c68dc20e65ba9790e5bbd7f7f0b76adf73a561e145dfffee0491eb1b106d?s=96&d=identicon&r=g\",\"caption\":\"gartenhausgmbh\"}}]}<\/script>\n<!-- \/ Yoast SEO Premium plugin. -->","_links":{"self":[{"href":"https:\/\/www.gartenhaus.ch\/magazin\/wp-json\/wp\/v2\/posts\/44810","targetHints":{"allow":["GET"]}}],"collection":[{"href":"https:\/\/www.gartenhaus.ch\/magazin\/wp-json\/wp\/v2\/posts"}],"about":[{"href":"https:\/\/www.gartenhaus.ch\/magazin\/wp-json\/wp\/v2\/types\/post"}],"author":[{"embeddable":true,"href":"https:\/\/www.gartenhaus.ch\/magazin\/wp-json\/wp\/v2\/users\/2"}],"replies":[{"embeddable":true,"href":"https:\/\/www.gartenhaus.ch\/magazin\/wp-json\/wp\/v2\/comments?post=44810"}],"version-history":[{"count":0,"href":"https:\/\/www.gartenhaus.ch\/magazin\/wp-json\/wp\/v2\/posts\/44810\/revisions"}],"wp:featuredmedia":[{"embeddable":true,"href":"https:\/\/www.gartenhaus.ch\/magazin\/wp-json\/wp\/v2\/media\/24416"}],"wp:attachment":[{"href":"https:\/\/www.gartenhaus.ch\/magazin\/wp-json\/wp\/v2\/media?parent=44810"}],"wp:term":[{"taxonomy":"category","embeddable":true,"href":"https:\/\/www.gartenhaus.ch\/magazin\/wp-json\/wp\/v2\/categories?post=44810"},{"taxonomy":"post_tag","embeddable":true,"href":"https:\/\/www.gartenhaus.ch\/magazin\/wp-json\/wp\/v2\/tags?post=44810"}],"curies":[{"name":"wp","href":"https:\/\/api.w.org\/{rel}","templated":true}]}}